{"id":634594,"date":"2026-01-01T17:15:11","date_gmt":"2026-01-01T17:15:11","guid":{"rendered":"https:\/\/www.europesays.com\/fr\/634594\/"},"modified":"2026-01-01T17:15:11","modified_gmt":"2026-01-01T17:15:11","slug":"meurthe-et-moselle-ismael-le-premier-bebe-de-lannee-2026-a-nancy","status":"publish","type":"post","link":"https:\/\/www.europesays.com\/fr\/634594\/","title":{"rendered":"Meurthe-et-Moselle. Isma\u00ebl, le premier b\u00e9b\u00e9 de l\u2019ann\u00e9e 2026 \u00e0 Nancy"},"content":{"rendered":"<p>Il s\u2019appelle Isma\u00ebl, pesait 2,510\u00a0kilos \u00e0 la naissance et a d\u00e9croch\u00e9 la palme du tout premier b\u00e9b\u00e9 n\u00e9 \u00e0 Nancy en 2026. Isma\u00ebl a en effet pouss\u00e9 son premier cri \u00e0 0\u00a0h\u00a045 \u00e0 la <a href=\"https:\/\/www.estrepublicain.fr\/magazine-sante\/2024\/10\/18\/dans-les-coulisses-de-la-maternite-regionale-de-nancy-des-accouchements-plus-personnalises\" target=\"_blank\" rel=\"noopener\">maternit\u00e9 r\u00e9gionale du CHRU de Nancy <\/a> apr\u00e8s huit mois et demi de grossesse. Le b\u00e9b\u00e9 se porte comme un charme, tout comme sa m\u00e8re, domicili\u00e9e \u00e0 Bouxi\u00e8res-aux-Dames, \u00e9videmment aux anges d\u2019accueillir son premier enfant dans le foyer.<\/p>\n<p>\u00c0 quelques kilom\u00e8tres de l\u00e0, le premier b\u00e9b\u00e9 de l\u2019ann\u00e9e de la polyclinique Majorelle \u00e0 Nancy\u00a0a pour sa part point\u00e9 le bout de son nez \u00e0 2\u00a0h\u00a057 avec quelques jours d\u2019avance sur le terme de la grossesse.<\/p>\n<p>Ses parents, Julie et Willy, imaginaient m\u00eame que leur premier enfant viendrait au monde le 31\u00a0d\u00e9cembre apr\u00e8s avoir rejoint la polyclinique de Majorelle d\u00e8s 8\u00a0h du matin. \u00ab\u00a0Mais on n\u2019est all\u00e9 en salle de naissance qu\u2019\u00e0 17-18\u00a0h, confiait Willy, cela a pris un peu de temps, on a m\u00eame entendu les feux d\u2019artifice.\u00a0\u00bb<\/p>\n<p>Finalement, le petit L\u00e9o a attendu le passage \u00e0 la nouvelle ann\u00e9e.\u00a0\u00c0 la naissance, il pesait 3,810\u00a0kilos et lui aussi se porte bien, comme sa m\u00e8re. Et alors qu\u2019il dormait \u00e0 poings ferm\u00e9s dans son berceau ce jeudi en d\u00e9but d\u2019apr\u00e8s-midi, ses parents le couvaient d\u2019un regard \u00e9mu\u2026<\/p>\n","protected":false},"excerpt":{"rendered":"Il s\u2019appelle Isma\u00ebl, pesait 2,510\u00a0kilos \u00e0 la naissance et a d\u00e9croch\u00e9 la palme du tout premier b\u00e9b\u00e9 n\u00e9&hellip;\n","protected":false},"author":2,"featured_media":634595,"comment_status":"","ping_status":"","sticky":false,"template":"","format":"standard","meta":{"footnotes":""},"categories":[9635],"tags":[1111,11,9223,1704,1777,674,1011,27,775,3457,198,1702,1703,12,25,104],"class_list":{"0":"post-634594","1":"post","2":"type-post","3":"status-publish","4":"format-standard","5":"has-post-thumbnail","7":"category-nancy","8":"tag-actu","9":"tag-actualites","10":"tag-carnet-du-jour","11":"tag-edition-nancy-et-agglomeration","12":"tag-eu","13":"tag-europe","14":"tag-fr","15":"tag-france","16":"tag-grand-est","17":"tag-meurthe-et-moselle","18":"tag-naissance","19":"tag-nancy","20":"tag-nancy-ville-54b","21":"tag-news","22":"tag-republique-francaise","23":"tag-societe"},"share_on_mastodon":{"url":"https:\/\/pubeurope.com\/@fr\/115820974713605599","error":""},"_links":{"self":[{"href":"https:\/\/www.europesays.com\/fr\/wp-json\/wp\/v2\/posts\/634594","targetHints":{"allow":["GET"]}}],"collection":[{"href":"https:\/\/www.europesays.com\/fr\/wp-json\/wp\/v2\/posts"}],"about":[{"href":"https:\/\/www.europesays.com\/fr\/wp-json\/wp\/v2\/types\/post"}],"author":[{"embeddable":true,"href":"https:\/\/www.europesays.com\/fr\/wp-json\/wp\/v2\/users\/2"}],"replies":[{"embeddable":true,"href":"https:\/\/www.europesays.com\/fr\/wp-json\/wp\/v2\/comments?post=634594"}],"version-history":[{"count":0,"href":"https:\/\/www.europesays.com\/fr\/wp-json\/wp\/v2\/posts\/634594\/revisions"}],"wp:featuredmedia":[{"embeddable":true,"href":"https:\/\/www.europesays.com\/fr\/wp-json\/wp\/v2\/media\/634595"}],"wp:attachment":[{"href":"https:\/\/www.europesays.com\/fr\/wp-json\/wp\/v2\/media?parent=634594"}],"wp:term":[{"taxonomy":"category","embeddable":true,"href":"https:\/\/www.europesays.com\/fr\/wp-json\/wp\/v2\/categories?post=634594"},{"taxonomy":"post_tag","embeddable":true,"href":"https:\/\/www.europesays.com\/fr\/wp-json\/wp\/v2\/tags?post=634594"}],"curies":[{"name":"wp","href":"https:\/\/api.w.org\/{rel}","templated":true}]}}