{"id":634607,"date":"2026-01-01T17:31:11","date_gmt":"2026-01-01T17:31:11","guid":{"rendered":"https:\/\/www.europesays.com\/fr\/634607\/"},"modified":"2026-01-01T17:31:11","modified_gmt":"2026-01-01T17:31:11","slug":"strasbourg-place-kleber-la-bonne-annee-dans-toutes-les-langues-mais-la-fete-gachee","status":"publish","type":"post","link":"https:\/\/www.europesays.com\/fr\/634607\/","title":{"rendered":"Strasbourg. Place Kl\u00e9ber, la \u00ab\u00a0bonne ann\u00e9e\u00a0\u00bb dans toutes les langues, mais la f\u00eate g\u00e2ch\u00e9e"},"content":{"rendered":"<p>De la musique s\u2019\u00e9chappe \u00e7\u00e0 et l\u00e0 des appartements, un p\u00e8re et une m\u00e8re No\u00ebl dansent en fumant devant la brasserie Cintra, de petits groupes en tenue de f\u00eate pressent le pas (il fait -4\u00a0\u00b0C), les serveurs de la brasserie Floderer plongent des bouteilles de champagne dans des seaux de glace. Peu avant minuit, le centre-ville de Strasbourg est paisible.<\/p>\n<p>L\u2019animation, on la trouve du c\u00f4t\u00e9 de la place Kl\u00e9ber illumin\u00e9e&#8230;<\/p>\n","protected":false},"excerpt":{"rendered":"De la musique s\u2019\u00e9chappe \u00e7\u00e0 et l\u00e0 des appartements, un p\u00e8re et une m\u00e8re No\u00ebl dansent en fumant&hellip;\n","protected":false},"author":2,"featured_media":634608,"comment_status":"","ping_status":"","sticky":false,"template":"","format":"standard","meta":{"footnotes":""},"categories":[2820],"tags":[1111,11,2389,1687,2880,1777,674,3326,107,1011,27,775,12,25,640,2879],"class_list":{"0":"post-634607","1":"post","2":"type-post","3":"status-publish","4":"format-standard","5":"has-post-thumbnail","7":"category-strasbourg","8":"tag-actu","9":"tag-actualites","10":"tag-alsace","11":"tag-culture-loisirs","12":"tag-edition-strasbourg","13":"tag-eu","14":"tag-europe","15":"tag-fete-locale","16":"tag-fil-info","17":"tag-fr","18":"tag-france","19":"tag-grand-est","20":"tag-news","21":"tag-republique-francaise","22":"tag-strasbourg","23":"tag-strasbourg-ville"},"share_on_mastodon":{"url":"https:\/\/pubeurope.com\/@fr\/115821037660452538","error":""},"_links":{"self":[{"href":"https:\/\/www.europesays.com\/fr\/wp-json\/wp\/v2\/posts\/634607","targetHints":{"allow":["GET"]}}],"collection":[{"href":"https:\/\/www.europesays.com\/fr\/wp-json\/wp\/v2\/posts"}],"about":[{"href":"https:\/\/www.europesays.com\/fr\/wp-json\/wp\/v2\/types\/post"}],"author":[{"embeddable":true,"href":"https:\/\/www.europesays.com\/fr\/wp-json\/wp\/v2\/users\/2"}],"replies":[{"embeddable":true,"href":"https:\/\/www.europesays.com\/fr\/wp-json\/wp\/v2\/comments?post=634607"}],"version-history":[{"count":0,"href":"https:\/\/www.europesays.com\/fr\/wp-json\/wp\/v2\/posts\/634607\/revisions"}],"wp:featuredmedia":[{"embeddable":true,"href":"https:\/\/www.europesays.com\/fr\/wp-json\/wp\/v2\/media\/634608"}],"wp:attachment":[{"href":"https:\/\/www.europesays.com\/fr\/wp-json\/wp\/v2\/media?parent=634607"}],"wp:term":[{"taxonomy":"category","embeddable":true,"href":"https:\/\/www.europesays.com\/fr\/wp-json\/wp\/v2\/categories?post=634607"},{"taxonomy":"post_tag","embeddable":true,"href":"https:\/\/www.europesays.com\/fr\/wp-json\/wp\/v2\/tags?post=634607"}],"curies":[{"name":"wp","href":"https:\/\/api.w.org\/{rel}","templated":true}]}}