{"id":634614,"date":"2026-01-01T17:37:11","date_gmt":"2026-01-01T17:37:11","guid":{"rendered":"https:\/\/www.europesays.com\/fr\/634614\/"},"modified":"2026-01-01T17:37:11","modified_gmt":"2026-01-01T17:37:11","slug":"nantes-officialise-larrivee-de-remy-cabella","status":"publish","type":"post","link":"https:\/\/www.europesays.com\/fr\/634614\/","title":{"rendered":"Nantes officialise l\u2019arriv\u00e9e de R\u00e9my Cabella"},"content":{"rendered":"<p>\n    Les Canaris ont annonc\u00e9 leur premier renfort lors du mercato hivernal.<\/p>\n<p class=\"fig-paragraph\">Actuellement 17e de Ligue 1, le FC Nantes va jouer sa survie parmi l\u2019\u00e9lite au cours de la seconde moiti\u00e9 de la saison. Les Canaris ont lanc\u00e9 l\u2019op\u00e9ration maintien avec un mercato hivernal qui devrait \u00eatre anim\u00e9. Ce jeudi, le club a annonc\u00e9 l\u2019arriv\u00e9e de R\u00e9my Cabella qui \u00e9voluait \u00e0 l\u2019Olympiakos. Ag\u00e9 de 34 ans, le milieu de terrain form\u00e9 \u00e0 Montpellier est pass\u00e9 par Newcastle, l\u2019Olympique de Marseille, l\u2019AS Saint-\u00c9tienne et Lille avant de partir en Gr\u00e8ce. Un renfort d\u2019exp\u00e9rience. Cabella a \u00e9t\u00e9 pr\u00eat\u00e9 jusqu\u2019\u00e0 la fin de la saison par la formation grecque.<\/p>\n","protected":false},"excerpt":{"rendered":"Les Canaris ont annonc\u00e9 leur premier renfort lors du mercato hivernal. Actuellement 17e de Ligue 1, le FC&hellip;\n","protected":false},"author":2,"featured_media":634615,"comment_status":"","ping_status":"","sticky":false,"template":"","format":"standard","meta":{"footnotes":""},"categories":[2818],"tags":[1111,11,1777,674,462,1011,27,766,12,2636,25],"class_list":{"0":"post-634614","1":"post","2":"type-post","3":"status-publish","4":"format-standard","5":"has-post-thumbnail","7":"category-nantes","8":"tag-actu","9":"tag-actualites","10":"tag-eu","11":"tag-europe","12":"tag-fc-nantes","13":"tag-fr","14":"tag-france","15":"tag-nantes","16":"tag-news","17":"tag-pays-de-la-loire","18":"tag-republique-francaise"},"share_on_mastodon":{"url":"https:\/\/pubeurope.com\/@fr\/115821061347725865","error":""},"_links":{"self":[{"href":"https:\/\/www.europesays.com\/fr\/wp-json\/wp\/v2\/posts\/634614","targetHints":{"allow":["GET"]}}],"collection":[{"href":"https:\/\/www.europesays.com\/fr\/wp-json\/wp\/v2\/posts"}],"about":[{"href":"https:\/\/www.europesays.com\/fr\/wp-json\/wp\/v2\/types\/post"}],"author":[{"embeddable":true,"href":"https:\/\/www.europesays.com\/fr\/wp-json\/wp\/v2\/users\/2"}],"replies":[{"embeddable":true,"href":"https:\/\/www.europesays.com\/fr\/wp-json\/wp\/v2\/comments?post=634614"}],"version-history":[{"count":0,"href":"https:\/\/www.europesays.com\/fr\/wp-json\/wp\/v2\/posts\/634614\/revisions"}],"wp:featuredmedia":[{"embeddable":true,"href":"https:\/\/www.europesays.com\/fr\/wp-json\/wp\/v2\/media\/634615"}],"wp:attachment":[{"href":"https:\/\/www.europesays.com\/fr\/wp-json\/wp\/v2\/media?parent=634614"}],"wp:term":[{"taxonomy":"category","embeddable":true,"href":"https:\/\/www.europesays.com\/fr\/wp-json\/wp\/v2\/categories?post=634614"},{"taxonomy":"post_tag","embeddable":true,"href":"https:\/\/www.europesays.com\/fr\/wp-json\/wp\/v2\/tags?post=634614"}],"curies":[{"name":"wp","href":"https:\/\/api.w.org\/{rel}","templated":true}]}}