{"id":634618,"date":"2026-01-01T17:39:09","date_gmt":"2026-01-01T17:39:09","guid":{"rendered":"https:\/\/www.europesays.com\/fr\/634618\/"},"modified":"2026-01-01T17:39:09","modified_gmt":"2026-01-01T17:39:09","slug":"le-salon-du-mariage-clot-la-saison-2025-2026","status":"publish","type":"post","link":"https:\/\/www.europesays.com\/fr\/634618\/","title":{"rendered":"le Salon du mariage cl\u00f4t la saison 2025-2026"},"content":{"rendered":"<p>Nouvelle ann\u00e9e mais fin de saison pour les mariages. Le salon des 17 et 18\u00a0janvier au Palais des congr\u00e8s sera le dernier de 2025-2026 \u00e0 Bordeaux. Pour l\u2019occasion, plus de 130 professionnels seront l\u00e0. Au programme, trois d\u00e9fil\u00e9s par jour pour d\u00e9couvrir les nouvelles tendances de robes de mari\u00e9e un village mode et beaut\u00e9, un village des alliances, un village d\u00e9gustation, un village enfants et m\u00eame des ventes priv\u00e9es. Un espace d\u00e9di\u00e9 permettra de rencontrer des artisans et cr\u00e9ateurs de la r\u00e9gion.<\/p>\n","protected":false},"excerpt":{"rendered":"Nouvelle ann\u00e9e mais fin de saison pour les mariages. Le salon des 17 et 18\u00a0janvier au Palais des&hellip;\n","protected":false},"author":2,"featured_media":634619,"comment_status":"","ping_status":"","sticky":false,"template":"","format":"standard","meta":{"footnotes":""},"categories":[2817],"tags":[1111,11,1997,1777,674,1011,27,12,2219,25],"class_list":{"0":"post-634618","1":"post","2":"type-post","3":"status-publish","4":"format-standard","5":"has-post-thumbnail","7":"category-bordeaux","8":"tag-actu","9":"tag-actualites","10":"tag-bordeaux","11":"tag-eu","12":"tag-europe","13":"tag-fr","14":"tag-france","15":"tag-news","16":"tag-nouvelle-aquitaine","17":"tag-republique-francaise"},"share_on_mastodon":{"url":"https:\/\/pubeurope.com\/@fr\/115821069234240695","error":""},"_links":{"self":[{"href":"https:\/\/www.europesays.com\/fr\/wp-json\/wp\/v2\/posts\/634618","targetHints":{"allow":["GET"]}}],"collection":[{"href":"https:\/\/www.europesays.com\/fr\/wp-json\/wp\/v2\/posts"}],"about":[{"href":"https:\/\/www.europesays.com\/fr\/wp-json\/wp\/v2\/types\/post"}],"author":[{"embeddable":true,"href":"https:\/\/www.europesays.com\/fr\/wp-json\/wp\/v2\/users\/2"}],"replies":[{"embeddable":true,"href":"https:\/\/www.europesays.com\/fr\/wp-json\/wp\/v2\/comments?post=634618"}],"version-history":[{"count":0,"href":"https:\/\/www.europesays.com\/fr\/wp-json\/wp\/v2\/posts\/634618\/revisions"}],"wp:featuredmedia":[{"embeddable":true,"href":"https:\/\/www.europesays.com\/fr\/wp-json\/wp\/v2\/media\/634619"}],"wp:attachment":[{"href":"https:\/\/www.europesays.com\/fr\/wp-json\/wp\/v2\/media?parent=634618"}],"wp:term":[{"taxonomy":"category","embeddable":true,"href":"https:\/\/www.europesays.com\/fr\/wp-json\/wp\/v2\/categories?post=634618"},{"taxonomy":"post_tag","embeddable":true,"href":"https:\/\/www.europesays.com\/fr\/wp-json\/wp\/v2\/tags?post=634618"}],"curies":[{"name":"wp","href":"https:\/\/api.w.org\/{rel}","templated":true}]}}