{"id":634627,"date":"2026-01-01T17:46:10","date_gmt":"2026-01-01T17:46:10","guid":{"rendered":"https:\/\/www.europesays.com\/fr\/634627\/"},"modified":"2026-01-01T17:46:10","modified_gmt":"2026-01-01T17:46:10","slug":"cest-quasiment-fait-abdelli-rejoindra-marseille-apres-la-can","status":"publish","type":"post","link":"https:\/\/www.europesays.com\/fr\/634627\/","title":{"rendered":"C&rsquo;est quasiment fait : Abdelli rejoindra Marseille apr\u00e8s la CAN"},"content":{"rendered":"<p>Actuellement engag\u00e9 \u00e0 la CAN avec l\u2019Alg\u00e9rie, Himad Abdelli se rapproche s\u00e9rieusement de l\u2019Olympique de Marseille. Courtis\u00e9 \u00e9galement par l\u2019Olympique Lyonnais, le milieu offensif du SCO d\u2019Angers aurait finalement donn\u00e9 sa priorit\u00e9 au club phoc\u00e9en.<\/p>\n<p>Depuis plusieurs semaines, Abdelli suscite l\u2019int\u00e9r\u00eat des deux Olympiques. D\u2019apr\u00e8s L\u2019\u00c9quipe, c\u2019est d\u2019abord Lyon, d\u00e9sormais pr\u00e9sid\u00e9 par Michele Kang, qui semblait tenir la corde. Mais selon La Tribune Olympienne, le joueur aurait d\u00e9j\u00e0 donn\u00e9 son feu vert \u00e0 Pablo Longoria et Mehdi Benatia. Reste d\u00e9sormais \u00e0 concr\u00e9tiser cet accord, car Angers ne compte pas brader son joueur alors qu\u2019il arrive en fin de contrat dans six mois.<\/p>\n<p>\u00ab L\u2019accord de principe concerne l\u2019OM et le joueur, pas encore le club angevin \u00bb, pr\u00e9cise le m\u00e9dia marseillais dans son talk-show. \u00ab Himam Abdelli a \u00e9chang\u00e9 r\u00e9cemment avec les dirigeants olympiens. Angers, de son c\u00f4t\u00e9, reproche \u00e0 son entourage de trop pousser pour un d\u00e9part d\u00e8s cet hiver, alors que le SCO ne souhaite pas vendre. Le clan Abdelli attend maintenant une offre concr\u00e8te de Marseille, puisque malgr\u00e9 l\u2019int\u00e9r\u00eat connu du club, aucune proposition officielle n\u2019a encore \u00e9t\u00e9 transmise. \u00bb<\/p>\n","protected":false},"excerpt":{"rendered":"Actuellement engag\u00e9 \u00e0 la CAN avec l\u2019Alg\u00e9rie, Himad Abdelli se rapproche s\u00e9rieusement de l\u2019Olympique de Marseille. Courtis\u00e9 \u00e9galement&hellip;\n","protected":false},"author":2,"featured_media":634628,"comment_status":"","ping_status":"","sticky":false,"template":"","format":"standard","meta":{"footnotes":""},"categories":[2814],"tags":[1111,11,1777,674,1011,27,884,12,882,25],"class_list":{"0":"post-634627","1":"post","2":"type-post","3":"status-publish","4":"format-standard","5":"has-post-thumbnail","7":"category-marseille","8":"tag-actu","9":"tag-actualites","10":"tag-eu","11":"tag-europe","12":"tag-fr","13":"tag-france","14":"tag-marseille","15":"tag-news","16":"tag-provence-alpes-cote-dazur","17":"tag-republique-francaise"},"share_on_mastodon":{"url":"https:\/\/pubeurope.com\/@fr\/115821097306251740","error":""},"_links":{"self":[{"href":"https:\/\/www.europesays.com\/fr\/wp-json\/wp\/v2\/posts\/634627","targetHints":{"allow":["GET"]}}],"collection":[{"href":"https:\/\/www.europesays.com\/fr\/wp-json\/wp\/v2\/posts"}],"about":[{"href":"https:\/\/www.europesays.com\/fr\/wp-json\/wp\/v2\/types\/post"}],"author":[{"embeddable":true,"href":"https:\/\/www.europesays.com\/fr\/wp-json\/wp\/v2\/users\/2"}],"replies":[{"embeddable":true,"href":"https:\/\/www.europesays.com\/fr\/wp-json\/wp\/v2\/comments?post=634627"}],"version-history":[{"count":0,"href":"https:\/\/www.europesays.com\/fr\/wp-json\/wp\/v2\/posts\/634627\/revisions"}],"wp:featuredmedia":[{"embeddable":true,"href":"https:\/\/www.europesays.com\/fr\/wp-json\/wp\/v2\/media\/634628"}],"wp:attachment":[{"href":"https:\/\/www.europesays.com\/fr\/wp-json\/wp\/v2\/media?parent=634627"}],"wp:term":[{"taxonomy":"category","embeddable":true,"href":"https:\/\/www.europesays.com\/fr\/wp-json\/wp\/v2\/categories?post=634627"},{"taxonomy":"post_tag","embeddable":true,"href":"https:\/\/www.europesays.com\/fr\/wp-json\/wp\/v2\/tags?post=634627"}],"curies":[{"name":"wp","href":"https:\/\/api.w.org\/{rel}","templated":true}]}}