{"id":634635,"date":"2026-01-01T17:51:09","date_gmt":"2026-01-01T17:51:09","guid":{"rendered":"https:\/\/www.europesays.com\/fr\/634635\/"},"modified":"2026-01-01T17:51:09","modified_gmt":"2026-01-01T17:51:09","slug":"les-conditions-meteo-se-degradent-a-paris-et-en-ile-de-france-des-perturbations-attendues","status":"publish","type":"post","link":"https:\/\/www.europesays.com\/fr\/634635\/","title":{"rendered":"les conditions m\u00e9t\u00e9o se d\u00e9gradent \u00e0 Paris et en \u00cele-de-France, des perturbations attendues"},"content":{"rendered":"<p>                    Par<br \/>\n        <strong><br \/>\n            <a href=\"https:\/\/actu.fr\/auteur\/julie-bossart-actu-fr\" title=\"Consulter tous les articles de Julie Bossart\" target=\"_blank\" rel=\"noopener\">Julie Bossart<\/a><br \/>\n                    <\/strong><\/p>\n<p>        Publi\u00e9 le<\/p>\n<p>            1 janv. 2026 \u00e0 18h17        <\/p>\n<p><a href=\"https:\/\/actu.fr\/paris\/dernieres-actus\" target=\"_blank\" rel=\"noopener\">Paris<\/a> et sa petite couronne sont cern\u00e9s, ce jeudi 1er\u00a0janvier 2026, par la <a href=\"https:\/\/actu.fr\/tag\/neige\" target=\"_blank\" rel=\"noopener\">neige<\/a> et le verglas. \u00c0 cette heure, seule la grande couronne est en vigilance jaune, mais la situation pourrait \u00e9voluer, <a href=\"https:\/\/actu.fr\/tag\/meteo-france\" target=\"_blank\" rel=\"noopener\">M\u00e9t\u00e9o-France<\/a> pr\u00e9voyant de l\u2019\u00e9largir \u00e0 d\u2019autres d\u00e9partements demain. On ne sait pas encore si notre p\u00e9rim\u00e8tre sera concern\u00e9.<\/p>\n<p>Des risques de perturbations sur plusieurs lignes de train<\/p>\n<p class=\" wall-content\">Selon le dernier bulletin de l\u2019institut de m\u00e9t\u00e9orologie, diffus\u00e9 \u00e0 16\u00a0heures, le temps tr\u00e8s ensoleill\u00e9 dans la capitale vendredi matin sera bouscul\u00e9 par des pluies fines. Le ciel resterait d\u00e9gag\u00e9, avec un vent d\u2019Ouest faible \u00e0 mod\u00e9r\u00e9. M\u00eame topo l\u2019apr\u00e8s-midi.\u00a0C\u00f4t\u00e9 temp\u00e9ratures, elles oscilleront entre -1\u00a0\u00b0C et 5\u00a0\u00b0C au plus fort de la journ\u00e9e.<\/p>\n<p class=\" wall-content\">Sans \u00eatre catastrophiques, ces conditions m\u00e9t\u00e9o d\u00e9grad\u00e9es pourraient avoir une incidence sur la circulation des transports en commun franciliens. Les comptes X de plusieurs <a href=\"https:\/\/actu.fr\/tag\/transilien\" target=\"_blank\" rel=\"noopener\">Transilien<\/a> annoncent en effet ce jeudi soir un \u00ab\u2009\u00e9pisode neigeux vergla\u00e7ant qui risque de perturber\u2009\u00bb le trafic. Sont concern\u00e9es pour le moment les <a href=\"https:\/\/actu.fr\/tag\/sncf\" target=\"_blank\" rel=\"noopener\">lignes SNCF<\/a> H, J, K, R, P, N et N.<\/p>\n<p class=\" wall-content\">\n<p class=\" wall-content\">Les comptes X des <a href=\"https:\/\/actu.fr\/tag\/rer-d\/page\/2\" target=\"_blank\" rel=\"noopener\">RER D<\/a> et <a href=\"https:\/\/actu.fr\/tag\/rer-e\/page\/3\" target=\"_blank\" rel=\"noopener\">E<\/a> diffusent le m\u00eame message. Tous recommandent de v\u00e9rifier les horaires des trains avant de se rendre en gare.<\/p>\n<p class=\" wall-content\">Plus largement, ce d\u00e9but d\u2019ann\u00e9e reste glacial\u2009: la pr\u00e9fecture a activ\u00e9 il y a trois jours le<a href=\"https:\/\/actu.fr\/ile-de-france\/paris_75056\/meteo-glaciale-le-plan-grand-froid-active-a-paris-et-en-ile-de-france-pour-proteger-les-sans-abri_63628994.html\" target=\"_blank\" rel=\"noopener\"> plan grand froid a \u00e9t\u00e9 activ\u00e9<\/a> \u00e0 Paris et en \u00cele-de-France. Plan qui permet, pour rappel, une extension des horaires d\u2019ouverture des accueils de jour, un renforcement des maraudes et la r\u00e9quisition de lieux pour ouvrir des places d\u2019h\u00e9bergement d\u2019urgence pour les sans-abri.<\/p>\n<p class=\" wall-content\">Personnalisez votre actualit\u00e9 en ajoutant vos villes et m\u00e9dias en favori avec <a href=\"https:\/\/moncompte.actu.fr\" title=\"D\u00e9couvez Mon Actu\" rel=\"nofollow noopener\" data-trk=\"{&quot;cta&quot;:{&quot;action&quot;:&quot;https:\\\/\\\/moncompte.actu.fr&quot;,&quot;category&quot;:&quot;mon compte&quot;,&quot;from&quot;:&quot;article footer&quot;,&quot;name&quot;:&quot;Mon actu&quot;,&quot;type&quot;:&quot;cta&quot;}}\" target=\"_blank\">Mon Actu<\/a>.<\/p>\n","protected":false},"excerpt":{"rendered":"Par Julie Bossart Publi\u00e9 le 1 janv. 2026 \u00e0 18h17 Paris et sa petite couronne sont cern\u00e9s, ce&hellip;\n","protected":false},"author":2,"featured_media":634636,"comment_status":"","ping_status":"","sticky":false,"template":"","format":"standard","meta":{"footnotes":""},"categories":[1888],"tags":[1111,1928,11,1927,1777,674,1011,27,2487,2357,10584,12,1926,626,1925,25,2803],"class_list":{"0":"post-634635","1":"post","2":"type-post","3":"status-publish","4":"format-standard","5":"has-post-thumbnail","7":"category-paris","8":"tag-actu","9":"tag-actu-paris","10":"tag-actualites","11":"tag-actualites-paris","12":"tag-eu","13":"tag-europe","14":"tag-fr","15":"tag-france","16":"tag-meteo","17":"tag-meteo-france","18":"tag-neige","19":"tag-news","20":"tag-news-paris","21":"tag-paris","22":"tag-paris-news","23":"tag-republique-francaise","24":"tag-transport"},"share_on_mastodon":{"url":"https:\/\/pubeurope.com\/@fr\/115821116338320434","error":""},"_links":{"self":[{"href":"https:\/\/www.europesays.com\/fr\/wp-json\/wp\/v2\/posts\/634635","targetHints":{"allow":["GET"]}}],"collection":[{"href":"https:\/\/www.europesays.com\/fr\/wp-json\/wp\/v2\/posts"}],"about":[{"href":"https:\/\/www.europesays.com\/fr\/wp-json\/wp\/v2\/types\/post"}],"author":[{"embeddable":true,"href":"https:\/\/www.europesays.com\/fr\/wp-json\/wp\/v2\/users\/2"}],"replies":[{"embeddable":true,"href":"https:\/\/www.europesays.com\/fr\/wp-json\/wp\/v2\/comments?post=634635"}],"version-history":[{"count":0,"href":"https:\/\/www.europesays.com\/fr\/wp-json\/wp\/v2\/posts\/634635\/revisions"}],"wp:featuredmedia":[{"embeddable":true,"href":"https:\/\/www.europesays.com\/fr\/wp-json\/wp\/v2\/media\/634636"}],"wp:attachment":[{"href":"https:\/\/www.europesays.com\/fr\/wp-json\/wp\/v2\/media?parent=634635"}],"wp:term":[{"taxonomy":"category","embeddable":true,"href":"https:\/\/www.europesays.com\/fr\/wp-json\/wp\/v2\/categories?post=634635"},{"taxonomy":"post_tag","embeddable":true,"href":"https:\/\/www.europesays.com\/fr\/wp-json\/wp\/v2\/tags?post=634635"}],"curies":[{"name":"wp","href":"https:\/\/api.w.org\/{rel}","templated":true}]}}