{"id":63464,"date":"2025-04-30T04:18:08","date_gmt":"2025-04-30T04:18:08","guid":{"rendered":"https:\/\/www.europesays.com\/fr\/63464\/"},"modified":"2025-04-30T04:18:08","modified_gmt":"2025-04-30T04:18:08","slug":"les-footmaniacs-mettent-a-lhonneur-lasse-et-le-chaudron","status":"publish","type":"post","link":"https:\/\/www.europesays.com\/fr\/63464\/","title":{"rendered":"Les Footmaniacs mettent \u00e0 l\u2019honneur l\u2019ASSE et le Chaudron"},"content":{"rendered":"<blockquote class=\"question\"><p>Sti, c\u2019est votre septi\u00e8me tome en tant que sc\u00e9nariste des Footmaniacs. Racontez-nous vos d\u00e9buts dans cette aventure\u2026<\/p><\/blockquote>\n<p>\u00ab\u00a0J\u2019ai repris la s\u00e9rie en 2018 juste apr\u00e8s la Coupe du monde. Comme ils savaient que j\u2019aimais bien le foot et que mon humour \u00e9tait dans l\u2019esprit qu\u2019avaient les anciens sc\u00e9naristes, ils m\u2019ont confi\u00e9 \u00e7a. C\u2019\u00e9tait un challenge au d\u00e9but\u00a0: il y avait eu seize tomes avant. Il a donc fallu que je m\u2019impr\u00e8gne de ce qui avait \u00e9t\u00e9 fait par les \u00e9quipes pr\u00e9c\u00e9dentes et tout en apportant ma touche.\u00a0\u00bb<\/p>\n<p>  Ce tome \u00e9tait l\u2019occasion d\u2019essayer d\u2019aller dans toutes les r\u00e9gions<\/p>\n<blockquote class=\"question\"><p>Pour ce nouvel opus, vous avez choisi d\u2019emmener les lecteurs dans les stades embl\u00e9matiques de la Ligue 1. Comment sont d\u00e9cid\u00e9s les th\u00e8mes chaque ann\u00e9e\u00a0?<\/p><\/blockquote>\n<p>\u00ab\u00a0On sort un tome g\u00e9n\u00e9ralement fin avril-d\u00e9but mai. Une ann\u00e9e sur deux, c\u2019est facile d\u2019avoir un th\u00e8me parce qu\u2019il y a l\u2019Euro ou la Coupe du monde. L\u2019ann\u00e9e interm\u00e9diaire, il faut que je trouve autre chose. Pour ce tome-l\u00e0, il y avait un truc que je voulais faire depuis longtemps, c\u2019est le tour de France des stades et des clubs mythiques. Avec ce th\u00e8me-l\u00e0, il y avait une grosse actualit\u00e9\u00a0: <a href=\"https:\/\/www.leprogres.fr\/sport\/2025\/04\/06\/pas-difficile-de-choisir-entre-le-real-et-l-argent-kylian-mbappe-revient-sur-son-transfert\" target=\"_blank\" rel=\"noopener\">le d\u00e9part de Kylian Mbapp\u00e9 au Real Madrid<\/a>. Du coup, on a un personnage un peu \u00e9quivalent dans la s\u00e9rie qui a envie de quitter son club\u00a0: Dylan M\u2019Tacl\u00e9.\u00a0\u00bb<\/p>\n<blockquote class=\"question\"><p>Marcel, le pr\u00e9sident du FC Palajoy, et son fils Michel, qui joue dans l\u2019\u00e9quipe senior, sont au c\u0153ur du sc\u00e9nario. Cette famille de passionn\u00e9s de ballon rond maladroits, c\u2019est un peu les Tuche en version BD, non\u00a0?<\/p><\/blockquote>\n<p>\u00ab\u00a0Oui, tout \u00e0 fait. Dans cette famille, ils sont un peu \u201cpas dou\u00e9s\u201d mais attachants. Mais ce tome \u00e9tait l\u2019occasion d\u2019essayer d\u2019aller dans toutes les r\u00e9gions. On parle du derby breton Rennes-Brest, du derby du Nord Lille-Lens. En tout, on \u00e9voque une quinzaine d\u2019\u00e9quipes. J\u2019aurais aim\u00e9 parler d\u2019\u00e9quipes historiques mais qui sont descendues. Par exemple, j\u2019ai fait l\u2019impasse sur Sedan qui est aujourd\u2019hui en r\u00e9gional.\u00a0\u00bb<\/p>\n<p>  \u00ab\u00a0L\u2019ASSE est l\u2019un des clubs les plus mythiques en France\u00a0\u00bb<\/p>\n<blockquote class=\"question\"><p>Sur 44 pages, une planche concerne l\u2019ASSE\u2026<\/p><\/blockquote>\n<p>\u00ab\u00a0Historiquement, c\u2019est le deuxi\u00e8me club qui a explos\u00e9 apr\u00e8s le Stade de Reims. <a href=\"https:\/\/www.leprogres.fr\/loire-42\/2019\/07\/28\/de-1957-a-1982-l-age-d-or-de-l-asse\" target=\"_blank\" rel=\"noopener\">Pr\u00e8s de cinquante ans apr\u00e8s la grande \u00e9pop\u00e9e des Verts<\/a>, on parle toujours de \u00e7a. C\u2019est l\u2019un des clubs les plus mythiques en France m\u00eame si les r\u00e9sultats ne suivent plus autant qu\u2019\u00e0 l\u2019\u00e9poque. Mais on regarde toujours ce qu\u2019il se passe \u00e0 Saint-\u00c9tienne o\u00f9 il y a un public g\u00e9nial. Pour moi, en tant que gars du Nord, c\u2019est un peu le m\u00eame genre d\u2019ambiance qu\u2019au RC Lens, avec un meilleur palmar\u00e8s pour l\u2019ASSE (rires).\u00a0\u00bb<\/p>\n<blockquote class=\"question\"><p>En tant que natif de Lille, vous supportez le Losc\u00a0?<\/p><\/blockquote>\n<p>\u00ab\u00a0Je ne suis pas fan d\u2019une \u00e9quipe de club en particulier, mais plut\u00f4t de l\u2019\u00e9quipe de France. M\u00eame si j\u2019ai forc\u00e9ment des \u00e9quipes de c\u0153ur. Lille et Lens parce que je suis ch\u2019ti \u00e0 la base et maintenant je suis un peu Le\u00a0Havre parce que j\u2019y habite. Quand j\u2019\u00e9tais petit, le Losc marchait moins bien que maintenant, donc j\u2019avais plus d\u2019affinit\u00e9s avec le RC Lens. J\u2019avais un copain de classe qui a termin\u00e9 joueur pro\u00a0: Antoine Sibierski (le milieu de terrain a jou\u00e9 au Losc et au RC Lens). Il a m\u00eame jou\u00e9 \u00e0 Manchester City (2003-2006) avant qu\u2019ils aient beaucoup de sous (rires). Dans le livre, il y a un gag qui se passe \u00e0 Lens (au stade Bollaert-Delelis) et j\u2019ai nomm\u00e9 une buvette \u201cAntoine Sibierski\u201d, pour faire un clin d\u2019\u0153il. Le dessinateur des Footmaniacs  est belge (<a href=\"https:\/\/www.leprogres.fr\/culture-loisirs\/2021\/07\/04\/les-footmaniacs-serie-fetiche\" target=\"_blank\" rel=\"noopener\">Olivier Saive<\/a>) et les \u00e9quipes fran\u00e7aises l\u2019int\u00e9ressent moins. Il est comme moi, il aime suivre les comp\u00e9titions internationales.\u00a0\u00bb<\/p>\n<p>  \u00ab\u00a0En 1998, j\u2019ai vu le 8e de finale entre la France et le Paraguay au stade F\u00e9lix-Bollaert\u00a0\u00bb<\/p>\n<blockquote class=\"question\"><p>Quel est votre rapport au foot\u00a0?<\/p><\/blockquote>\n<p>\u00ab\u00a0Je l\u2019ai pratiqu\u00e9 tout petit comme d\u00e9fenseur mais j\u2019\u00e9tais tr\u00e8s mauvais et j\u2019ai vite arr\u00eat\u00e9. Apr\u00e8s, j\u2019ai \u00e9t\u00e9 volontaire \u00e0 la Coupe du monde f\u00e9minine en 2019 au\u00a0Havre (au stade Oc\u00e9ane). J\u2019aidais les gens \u00e0 se placer dans les gradins, j\u2019assistais les journalistes, les \u00e9quipes. C\u2019\u00e9tait une super exp\u00e9rience.\u00a0\u00bb<\/p>\n<blockquote class=\"question\"><p>Quel est votre meilleur souvenir de supporter\u00a0?<\/p><\/blockquote>\n<p>\u00ab\u00a0En 1998, j\u2019ai vu le 8e de finale entre la France et le Paraguay au stade F\u00e9lix-Bollaert (<a href=\"https:\/\/www.leprogres.fr\/p\/laurent-blanc\" target=\"_blank\" rel=\"noopener\">Laurent Blanc<\/a> marquera le premier but en or de l\u2019histoire de la Coupe du monde \u00e0 la 114e \u00a0minute). Depuis ce jour-l\u00e0, j\u2019adore ce stade. Et je n\u2019ai m\u00eame pas vu le but parce que tout le monde s\u2019\u00e9tait lev\u00e9\u00a0! C\u2019\u00e9tait fou tout comme la f\u00eate qui a suivi dans les rues de Lens. C\u2019est \u00e0 ce moment-l\u00e0 qu\u2019on a commenc\u00e9 \u00e0 se dire que la France allait aller au bout, ce qu\u2019il s\u2019est av\u00e9r\u00e9. En 2018, on a \u00e0 nouveau gagn\u00e9 la Coupe du monde mais ce n\u2019\u00e9tait pas pareil parce qu\u2019on l\u2019avait d\u00e9j\u00e0 fait.\u00a0\u00bb<\/p>\n<p class=\"note\">Les Footmaniacs , tome 23, par Sti et Olivier Saive, Bamboo \u00c9dition. 44 pages. Tarif\u00a0: 11,90\u00a0euros. Sortie ce mercredi 30\u00a0avril.<\/p>\n","protected":false},"excerpt":{"rendered":"Sti, c\u2019est votre septi\u00e8me tome en tant que sc\u00e9nariste des Footmaniacs. Racontez-nous vos d\u00e9buts dans cette aventure\u2026 \u00ab\u00a0J\u2019ai&hellip;\n","protected":false},"author":2,"featured_media":63465,"comment_status":"","ping_status":"","sticky":false,"template":"","format":"standard","meta":{"footnotes":""},"categories":[9653],"tags":[1111,11,4000,2430,1687,7539,1777,674,63,1011,27,2410,3367,12,25,4001,7538,517],"class_list":{"0":"post-63464","1":"post","2":"type-post","3":"status-publish","4":"format-standard","5":"has-post-thumbnail","7":"category-saint-etienne","8":"tag-actu","9":"tag-actualites","10":"tag-asse-as-saint-etienne-football","11":"tag-auvergne-rhone-alpes","12":"tag-culture-loisirs","13":"tag-edition-loire-sud","14":"tag-eu","15":"tag-europe","16":"tag-football","17":"tag-fr","18":"tag-france","19":"tag-livres-bd","20":"tag-loire","21":"tag-news","22":"tag-republique-francaise","23":"tag-saint-etienne","24":"tag-saint-etienne-ville","25":"tag-sport"},"share_on_mastodon":{"url":"https:\/\/pubeurope.com\/@fr\/114424991289457970","error":""},"_links":{"self":[{"href":"https:\/\/www.europesays.com\/fr\/wp-json\/wp\/v2\/posts\/63464","targetHints":{"allow":["GET"]}}],"collection":[{"href":"https:\/\/www.europesays.com\/fr\/wp-json\/wp\/v2\/posts"}],"about":[{"href":"https:\/\/www.europesays.com\/fr\/wp-json\/wp\/v2\/types\/post"}],"author":[{"embeddable":true,"href":"https:\/\/www.europesays.com\/fr\/wp-json\/wp\/v2\/users\/2"}],"replies":[{"embeddable":true,"href":"https:\/\/www.europesays.com\/fr\/wp-json\/wp\/v2\/comments?post=63464"}],"version-history":[{"count":0,"href":"https:\/\/www.europesays.com\/fr\/wp-json\/wp\/v2\/posts\/63464\/revisions"}],"wp:featuredmedia":[{"embeddable":true,"href":"https:\/\/www.europesays.com\/fr\/wp-json\/wp\/v2\/media\/63465"}],"wp:attachment":[{"href":"https:\/\/www.europesays.com\/fr\/wp-json\/wp\/v2\/media?parent=63464"}],"wp:term":[{"taxonomy":"category","embeddable":true,"href":"https:\/\/www.europesays.com\/fr\/wp-json\/wp\/v2\/categories?post=63464"},{"taxonomy":"post_tag","embeddable":true,"href":"https:\/\/www.europesays.com\/fr\/wp-json\/wp\/v2\/tags?post=63464"}],"curies":[{"name":"wp","href":"https:\/\/api.w.org\/{rel}","templated":true}]}}