{"id":634645,"date":"2026-01-01T17:56:13","date_gmt":"2026-01-01T17:56:13","guid":{"rendered":"https:\/\/www.europesays.com\/fr\/634645\/"},"modified":"2026-01-01T17:56:13","modified_gmt":"2026-01-01T17:56:13","slug":"comment-larmee-russe-sest-adaptee-pour-accelerer-sa-marche-en-avant","status":"publish","type":"post","link":"https:\/\/www.europesays.com\/fr\/634645\/","title":{"rendered":"comment l\u2019arm\u00e9e russe s\u2019est adapt\u00e9e pour acc\u00e9l\u00e9rer sa marche en avant"},"content":{"rendered":"<p>      <img fetchpriority=\"high\" decoding=\"async\" class=\"mx-auto\" src=\"data:image\/svg+xml,%3Csvg%20xmlns%3D%27http%3A%2F%2Fwww.w3.org%2F2000%2Fsvg%27%20fill%3D%22%23e4e4e4%22%20viewBox%3D%270%200%20510%20340%27%20width%3D%22510%22%20height%3D%22340%22%3E%3Cpath%20d%3D%27M0%200h510v340H0z%27%2F%3E%3C%2Fsvg%3E\"  loading=\"eager\" width=\"510\" height=\"340\" data-oncrawl-image-size=\"510x340\" alt=\"Un char d\u2019assaut russe \u00e0 Moscou, pendant la parade militaire du 9\u00a0mai 2025.\"\/>      <\/p>\n<p class=\"latino-100m text-grey-600\">\n            Un char d\u2019assaut russe \u00e0 Moscou, pendant la parade militaire du 9\u00a0mai 2025.\u00a0STRINGER \/ AFP        <\/p>\n<p>        Lire\u00a0plus\u00a0tard      <\/p>\n<p><a aria-label=\"Nous suivre sur Google News\" href=\"https:\/\/news.google.com\/publications\/CAAqBwgKMJe4nQkw3dFs?hl=fr&amp;gl=FR&amp;ceid=FR%3Afr\" target=\"_blank\" data-piano=\"Page_Article,Sous_date_publi,Nous_suivre_sur_google_news,1er_clic,action\" class=\"btn btn--small btn--tertiary btn--icon-only\" rel=\"noopener\"><\/p>\n<p>      Google Actualit\u00e9s<br \/>\n  <\/a><\/p>\n<p>  Partager<\/p>\n<p>        Facebook<\/p>\n<p>        Bluesky<\/p>\n<p>        E-mail<\/p>\n<p>        Copier le lien<\/p>\n<p>      Envoyer<\/p>\n<p>      S\u2019abonner pour lire    <\/p>\n<p class=\"node__paragraphe antonia-750r text-grey-800 pb-24 pb-md-32\">\nDeux discours du Nouvel An, deux ambiances. Tandis que le pr\u00e9sident ukrainien Volodymyr Zelensky estimait qu\u2019un accord de paix \u00e9tait pr\u00eat \u00ab\u00a0\u00e0 90\u00a0%\u00a0\u00bb, son homologue russe Vladimir Poutine appelait lui ses compatriotes \u00e0 croire en la \u00ab\u00a0victoire\u00a0\u00bb&#8230; Tandis que les deux pays continuent d\u2019\u00e9changer des frappes de drones, les troupes du Kremlin, sup\u00e9rieures en nombre, continuent de grignoter du terrain sur le front \u2013 particuli\u00e8rement dans la r\u00e9gion de Donetsk, priorit\u00e9 militaire de Moscou. Selon un bilan de fin d\u2019ann\u00e9e <a target=\"_blank\" href=\"https:\/\/understandingwar.org\/research\/russia-ukraine\/russian-offensive-campaign-assessment-december-31-2025\/\" rel=\"noopener\">publi\u00e9 mercredi 31\u00a0d\u00e9cembre<\/a> par l\u2019Institut am\u00e9ricain pour l\u2019\u00e9tude de la guerre (ISW), l\u2019arm\u00e9e russe a acc\u00e9l\u00e9r\u00e9 son rythme de progression en\u00a02025 gr\u00e2ce \u00e0 un nouveau mode op\u00e9ratoire, combinant adaptations technologiques et \u00e9volution des tactiques d\u2019assaut.<\/p>\n<p class=\"node__paragraphe antonia-750r text-grey-800 pb-8\">\nEn tout, Moscou a lanc\u00e9 plus de 54\u00a0000 drones longue port\u00e9e et plus de 1\u00a0900 missiles contre l\u2019Ukraine. Et si les d\u00e9fenses et fortifications ukrainiennes ont continu\u00e9 \u00e0 freiner largement les offensives, l\u2019arm\u00e9e russe est tout de m\u00eame parvenue \u00e0 prendre 4\u00a0831\u00a0kilom\u00e8tres carr\u00e9s (soit la superficie de \u2026<\/p>\n<p>      <img loading=\"lazy\" decoding=\"async\" class=\"floating-img\" src=\"https:\/\/www.europesays.com\/fr\/wp-content\/uploads\/2025\/12\/luge.png\" width=\"116\" height=\"83\" alt=\"\"\/><\/p>\n<p class=\"latino-100m\">Article r\u00e9serv\u00e9 aux abonn\u00e9s.<\/p>\n<p>        Se connecter      <\/p>\n<p class=\"title text-center\" style=\"margin-bottom:4px;\">Le cadeau qui \u00e9clairera votre ann\u00e9e<\/p>\n<p class=\"description pb-8 pb-md-16 text-center\">Tous nos contenus exclusifs en acc\u00e8s illimit\u00e9<\/p>\n<p>            S\u2019abonner\u00a0: 7,99\u20ac 3,99\u20ac\/mois                          pendant 1 an                      <\/p>\n<p class=\"or d-none d-md-flex\">ou<\/p>\n<p>                        <img width=\"164\" height=\"20\" src=\"data:image\/svg+xml,%3Csvg%20xmlns%3D%27http%3A%2F%2Fwww.w3.org%2F2000%2Fsvg%27%20fill%3D%22%23e4e4e4%22%20viewBox%3D%270%200%20282%2054%27%20width%3D%22282%22%20height%3D%2254%22%3E%3Cpath%20d%3D%27M0%200h282v54H0z%27%2F%3E%3C%2Fsvg%3E\"  class=\"js-swg-placeholder\" alt=\"Subscribe with Google\" loading=\"lazy\" decoding=\"async\"\/><\/p>\n","protected":false},"excerpt":{"rendered":"Un char d\u2019assaut russe \u00e0 Moscou, pendant la parade militaire du 9\u00a0mai 2025.\u00a0STRINGER \/ AFP Lire\u00a0plus\u00a0tard Google Actualit\u00e9s&hellip;\n","protected":false},"author":2,"featured_media":634646,"comment_status":"","ping_status":"","sticky":false,"template":"","format":"standard","meta":{"footnotes":""},"categories":[1590],"tags":[5734,42085,11,18596,1813,1777,674,1146,131,2089,74,12,8013,220],"class_list":{"0":"post-634645","1":"post","2":"type-post","3":"status-publish","4":"format-standard","5":"has-post-thumbnail","7":"category-ukraine","8":"tag-5734","9":"tag-accelerer","10":"tag-actualites","11":"tag-adaptee","12":"tag-armee","13":"tag-eu","14":"tag-europe","15":"tag-guerre","16":"tag-guerre-en-ukraine","17":"tag-marche","18":"tag-monde","19":"tag-news","20":"tag-russe","21":"tag-ukraine"},"share_on_mastodon":{"url":"https:\/\/pubeurope.com\/@fr\/115821136103480602","error":""},"_links":{"self":[{"href":"https:\/\/www.europesays.com\/fr\/wp-json\/wp\/v2\/posts\/634645","targetHints":{"allow":["GET"]}}],"collection":[{"href":"https:\/\/www.europesays.com\/fr\/wp-json\/wp\/v2\/posts"}],"about":[{"href":"https:\/\/www.europesays.com\/fr\/wp-json\/wp\/v2\/types\/post"}],"author":[{"embeddable":true,"href":"https:\/\/www.europesays.com\/fr\/wp-json\/wp\/v2\/users\/2"}],"replies":[{"embeddable":true,"href":"https:\/\/www.europesays.com\/fr\/wp-json\/wp\/v2\/comments?post=634645"}],"version-history":[{"count":0,"href":"https:\/\/www.europesays.com\/fr\/wp-json\/wp\/v2\/posts\/634645\/revisions"}],"wp:featuredmedia":[{"embeddable":true,"href":"https:\/\/www.europesays.com\/fr\/wp-json\/wp\/v2\/media\/634646"}],"wp:attachment":[{"href":"https:\/\/www.europesays.com\/fr\/wp-json\/wp\/v2\/media?parent=634645"}],"wp:term":[{"taxonomy":"category","embeddable":true,"href":"https:\/\/www.europesays.com\/fr\/wp-json\/wp\/v2\/categories?post=634645"},{"taxonomy":"post_tag","embeddable":true,"href":"https:\/\/www.europesays.com\/fr\/wp-json\/wp\/v2\/tags?post=634645"}],"curies":[{"name":"wp","href":"https:\/\/api.w.org\/{rel}","templated":true}]}}