{"id":634649,"date":"2026-01-01T17:58:25","date_gmt":"2026-01-01T17:58:25","guid":{"rendered":"https:\/\/www.europesays.com\/fr\/634649\/"},"modified":"2026-01-01T17:58:25","modified_gmt":"2026-01-01T17:58:25","slug":"le-nombre-darrives-de-migrants-par-la-manche-a-battu-des-records-en-2025","status":"publish","type":"post","link":"https:\/\/www.europesays.com\/fr\/634649\/","title":{"rendered":"le nombre d\u2019arriv\u00e9s de migrants par la Manche a battu des records en 2025"},"content":{"rendered":"<p>Des arriv\u00e9es presque historiques. En 2025, le nombre de migrants ayant franchi les c\u00f4tes britanniques \u00e0 bord de petites embarcations a atteint le deuxi\u00e8me niveau le plus \u00e9lev\u00e9 depuis le d\u00e9but des relev\u00e9s en 2018, rapporte l\u2019AFP. L\u2019ann\u00e9e pass\u00e9e, 41 472 personnes ont entrepris la p\u00e9rilleuse travers\u00e9e de la Manche depuis la France.<\/p>\n<p>Ce chiffre est seulement inf\u00e9rieur au record de 45 774 enregistr\u00e9 en 2022. Ces travers\u00e9es entra\u00eenent de nombreux naufrages\u00a0: au moins 29 migrants ont perdu la vie en mer au cours de l\u2019ann\u00e9e \u00e9coul\u00e9e, selon un comptage r\u00e9alis\u00e9 \u00e0 partir de sources officielles fran\u00e7aises et britanniques.<\/p>\n<p>    La suite apr\u00e8s cette publicit\u00e9<\/p>\n<p>Starmer accul\u00e9<\/p>\n<p>Cette mont\u00e9e des arriv\u00e9es constitue un revers pour le gouvernement du Premier ministre <a href=\"https:\/\/www.lejdd.fr\/International\/immigration-starmer-appelle-macron-a-lutter-davantage-contre-les-traversees-illegales-164518\" target=\"_blank\" rel=\"noopener\">Keir Starmer<\/a>\u00a0\u2013 en poste depuis juillet\u00a02024 \u2013 alors que le parti anti-immigration Reform UK de <a href=\"https:\/\/www.lejdd.fr\/International\/vers-un-seisme-politique-au-royaume-uni-le-parti-anti-immigration-de-nigel-farage-largement-en-tete-des-sondages-162393\" target=\"_blank\" rel=\"noopener\">Nigel Farage<\/a> gagne en popularit\u00e9. Ce dernier caracole en t\u00eate des sondages depuis plusieurs mois et entend capitaliser sur la d\u00e9fiance envers l\u2019ex\u00e9cutif pour enregistrer de nouveaux succ\u00e8s lors des \u00e9lections locales pr\u00e9vues en mai prochain.<\/p>\n<p>    La suite apr\u00e8s cette publicit\u00e9<\/p>\n<p>\u00ab\u00a0Si nous r\u00e9ussissons au prochain scrutin, nous continuerons sur notre lanc\u00e9e et remporterons les \u00e9lections\u00a0\u00bb l\u00e9gislatives (pr\u00e9vues au plus tard pour 2029), a d\u00e9clar\u00e9 mercredi l\u2019ancien champion du Brexit \u00e0 l\u2019occasion de son message de Nouvel An. Le pr\u00e9c\u00e9dent gouvernement conservateur, dirig\u00e9 par Rishi Sunak, avait promis, en vain, d\u2019\u00ab\u00a0arr\u00eater les bateaux\u00a0\u00bb. Keir Starmer, lui, s\u2019est engag\u00e9 \u00e0 \u00ab\u00a0d\u00e9manteler les gangs\u00a0\u00bb de passeurs, sans qu\u2019aucun r\u00e9sultat tangible n\u2019ait encore \u00e9t\u00e9 enregistr\u00e9.<\/p>\n<p>En novembre, Shabana Mahmood, ministre de l\u2019Int\u00e9rieur du\u00a0<a href=\"https:\/\/www.lejdd.fr\/International\/royaume-uni-la-liberation-par-erreur-de-detenus-etrangers-suscite-lindignation-163741\" target=\"_blank\" rel=\"noopener\">Royaume-Uni<\/a>, a pr\u00e9sent\u00e9 une refonte du syst\u00e8me d\u2019immigration et d\u2019asile britannique. Inspir\u00e9e du mod\u00e8le danois, r\u00e9put\u00e9 pour sa fermet\u00e9, cette r\u00e9forme vise \u00e0 r\u00e9duire les facteurs attractifs du pays, notamment en simplifiant les proc\u00e9dures\u00a0d\u2019expulsion des personnes en situation irr\u00e9guli\u00e8re.<\/p>\n","protected":false},"excerpt":{"rendered":"Des arriv\u00e9es presque historiques. En 2025, le nombre de migrants ayant franchi les c\u00f4tes britanniques \u00e0 bord de&hellip;\n","protected":false},"author":2,"featured_media":634650,"comment_status":"","ping_status":"","sticky":false,"template":"","format":"standard","meta":{"footnotes":""},"categories":[1588],"tags":[11,1777,674,12,473,1853,1851,1850,1852],"class_list":{"0":"post-634649","1":"post","2":"type-post","3":"status-publish","4":"format-standard","5":"has-post-thumbnail","7":"category-royaume-uni","8":"tag-actualites","9":"tag-eu","10":"tag-europe","11":"tag-news","12":"tag-royaume-uni","13":"tag-royaume-uni-de-grande-bretagne-et-dirlande-du-nord","14":"tag-uk","15":"tag-united-kingdom","16":"tag-united-kingdom-of-great-britain-and-northern-ireland"},"share_on_mastodon":{"url":"https:\/\/pubeurope.com\/@fr\/115821144008919899","error":""},"_links":{"self":[{"href":"https:\/\/www.europesays.com\/fr\/wp-json\/wp\/v2\/posts\/634649","targetHints":{"allow":["GET"]}}],"collection":[{"href":"https:\/\/www.europesays.com\/fr\/wp-json\/wp\/v2\/posts"}],"about":[{"href":"https:\/\/www.europesays.com\/fr\/wp-json\/wp\/v2\/types\/post"}],"author":[{"embeddable":true,"href":"https:\/\/www.europesays.com\/fr\/wp-json\/wp\/v2\/users\/2"}],"replies":[{"embeddable":true,"href":"https:\/\/www.europesays.com\/fr\/wp-json\/wp\/v2\/comments?post=634649"}],"version-history":[{"count":0,"href":"https:\/\/www.europesays.com\/fr\/wp-json\/wp\/v2\/posts\/634649\/revisions"}],"wp:featuredmedia":[{"embeddable":true,"href":"https:\/\/www.europesays.com\/fr\/wp-json\/wp\/v2\/media\/634650"}],"wp:attachment":[{"href":"https:\/\/www.europesays.com\/fr\/wp-json\/wp\/v2\/media?parent=634649"}],"wp:term":[{"taxonomy":"category","embeddable":true,"href":"https:\/\/www.europesays.com\/fr\/wp-json\/wp\/v2\/categories?post=634649"},{"taxonomy":"post_tag","embeddable":true,"href":"https:\/\/www.europesays.com\/fr\/wp-json\/wp\/v2\/tags?post=634649"}],"curies":[{"name":"wp","href":"https:\/\/api.w.org\/{rel}","templated":true}]}}