{"id":634651,"date":"2026-01-01T17:59:21","date_gmt":"2026-01-01T17:59:21","guid":{"rendered":"https:\/\/www.europesays.com\/fr\/634651\/"},"modified":"2026-01-01T17:59:21","modified_gmt":"2026-01-01T17:59:21","slug":"dans-le-limbourg-coin-le-plus-etroit-des-pays-bas-trois-pays-se-frolent","status":"publish","type":"post","link":"https:\/\/www.europesays.com\/fr\/634651\/","title":{"rendered":"Dans le Limbourg, coin le plus \u00e9troit des Pays-Bas, trois pays se fr\u00f4lent"},"content":{"rendered":"<p>Dans cette bande de terre en forme de sablier, on franchit deux fronti\u00e8res comme on change de trottoir. En une heure de marche, on passe de l\u2019Allemagne aux Pays-Bas et \u00e0 la Belgique. Et la vie locale jongle avec trois r\u00e8gles du jeu. Le quotidien d\u2019Amsterdam \u201cDe Telegraaf\u201d fait un tour de ce territoire o\u00f9 l\u2019histoire et le quotidien d\u00e9bordent toujours un peu des limites trac\u00e9es sur les cartes.<\/p>\n<p>Coinc\u00e9 entre la Belgique et l\u2019Allemagne, le Limbourg a une taille de gu\u00eape. \u00c0 l\u2019est de cette province, la plus \u00e9troite des Pays-Bas, l\u00e0 o\u00f9 bruisse la rivi\u00e8re du Roode Beek, se trouve le point le plus occidental de l\u2019Allemagne. Un endroit pris\u00e9 des Allemands, qui se garent \u00e0 proximit\u00e9. Avec un petit rire, Ben Heijman reconna\u00eet que c\u2019est la premi\u00e8re fois qu\u2019il s\u2019y arr\u00eate. \u201cJe passe toujours devant en voiture quand je vais au centre commercial de T\u00fcddern [en Allemagne]. Il a \u00e9t\u00e9 construit sp\u00e9cialement pour nous\u00a0: on ne voit que des plaques d\u2019immatriculation n\u00e9erlandaises.\u201d Quand on fait ses courses ici, l\u2019addition est rudement moins sal\u00e9e. \u201cEt le plein, je le fais en Belgique, le litre est parfois 50\u00a0centimes moins cher. On profite des avantages des deux c\u00f4t\u00e9s\u00a0!\u201d<\/p>\n<p>\u00c0 la mi-novembre, la province a annonc\u00e9 qu\u2019elle avait mis\u00e9 sur une nouvelle strat\u00e9gie avec les pays voisins. Le Limbourg aimerait que ses habitants travaillent davantage de l\u2019autre c\u00f4t\u00e9 des fronti\u00e8res, dans les domaines de la construction routi\u00e8re, de l\u2019environnement et de la sant\u00e9. Le hic, c\u2019est que les r\u00e8gles varient d\u2019un pays \u00e0 l\u2019autre. La province souhaite donc assouplir les r\u00e8gles et intensifier la coop\u00e9ration afin d\u2019ouvrir davantage les Pays-Bas vers l\u2019Europe. Des \u00e9v\u00e9nements limbourgeois comme le salon d\u2019art de la Te<\/p>\n<p>  Offres sp\u00e9ciales  Pour lire la suite de cet article, abonnez-vous <\/p>\n<p class=\"paywall-text\">Acc\u00e9dez \u00e0\u00a0l\u2019int\u00e9gralit\u00e9 de\u00a0nos contenus sur le\u00a0site et\u00a0l\u2019application en\u00a0vous abonnant \u00e0\u00a0<strong>l\u2019offre sp\u00e9ciale.<\/strong><\/p>\n<p class=\"price\">D\u00e8s <strong>2,99\u00a0\u20ac<\/strong>\/mois<\/p>\n<p> Sans engagement \u2022 R\u00e9siliable en ligne                             Offres sp\u00e9ciales  <\/p>\n<p class=\"popin-title\"> <strong>Profitez d\u2019un acc\u00e8s illimit\u00e9 (-57%)<\/strong> <\/p>\n<p>    <img loading=\"lazy\" decoding=\"async\" class=\"popin-img\" src=\"https:\/\/www.europesays.com\/fr\/wp-content\/uploads\/2025\/12\/1766808989_718_fe6cca3_upload-1-y50fm5af5abj-pop-in.png\"  alt=\"Image d'illustration pour l'abonnement\" width=\"300\" height=\"250\"\/>    <\/p>\n<p class=\"price\"> 2,99 \u20ac par mois <\/p>\n<p class=\"popin-engagement\">au lieu de 6,99 \u20ac, r\u00e9siliable \u00e0 tout moment<\/p>\n<p>  <a class=\"ithal-element\" href=\"https:\/\/macommande.courrierinternational.com\/account\/create\/CWADIMENS299PRIO\/CW365N3600ADD1FPRIO?marketing=RCWSITEDISPLAY01\" data-model=\"button\" data-ithal=\"popin_offre_speciale\" data-ithalc=\"[cta_abo]\" id=\"click_popin_offre_speciale\" target=\"_blank\" rel=\"noopener\">J\u2019en profite<\/a>            <\/p>\n<p class=\"article-authors\">                         <a href=\"https:\/\/www.courrierinternational.com\/auteur\/marie-therese-roosendaal\" target=\"_blank\" rel=\"noopener\">Marie-Th\u00e9r\u00e8se Roosendaal<\/a>    <\/p>\n<p class=\"article-vo\"><a href=\"https:\/\/www.telegraaf.nl\/binnenland\/bewoners-van-smalste-stukje-nederland-shoppen-in-duitsland-en-tanken-in-belgie-eten-van-twee-walletjes\/104020781.html\" rel=\"noopener\" target=\"_blank\">Lire l\u2019article original<\/a><\/p>\n<p>Source de l\u2019article<\/p>\n<p>   <img decoding=\"async\" class=\"source-logo\" src=\"https:\/\/www.europesays.com\/fr\/wp-content\/uploads\/2026\/01\/69f149d_1643654143902-telegraaf.jpg\"  alt=\"Logo\" loading=\"lazy\" width=\"32\" height=\"32\"\/>  De Telegraaf  (Amsterdam)       <\/p>\n<p>Cr\u00e9\u00e9 en 1893 et \u00e9dit\u00e9 \u00e0 Amsterdam, \u201cLe t\u00e9l\u00e9graphe\u201d n\u00e9erlandais est le plus grand quotidien payant du pays, m\u00eame si son tirage est en baisse depuis des ann\u00e9es. De Telegraaf est le journal populaire de la classe moyenne n\u00e9erlandaise, et son orientation politique est plut\u00f4t de droite conservatrice. Il doit son succ\u00e8s \u00e0 ses informations g\u00e9n\u00e9rales, ses infos \u2018people\u2019 et \u00e0 ses titres volontiers racoleurs. Il appartient au Telegraaf Media Groep, et son r\u00e9dacteur en chef est Paul Jansen.<\/p>\n<p>\u00a0<\/p>\n<p>      <a href=\"https:\/\/www.courrierinternational.com\/notule-source\/de-telegraaf\" class=\"source-link\" target=\"_blank\" rel=\"noopener\">Lire la suite<\/a>            <\/p>\n","protected":false},"excerpt":{"rendered":"Dans cette bande de terre en forme de sablier, on franchit deux fronti\u00e8res comme on change de trottoir.&hellip;\n","protected":false},"author":2,"featured_media":634652,"comment_status":"","ping_status":"","sticky":false,"template":"","format":"standard","meta":{"footnotes":""},"categories":[1587],"tags":[11,672,1804,1805,1803,1777,674,31980,1801,12,934,1802,1857,2542],"class_list":{"0":"post-634651","1":"post","2":"type-post","3":"status-publish","4":"format-standard","5":"has-post-thumbnail","7":"category-allemagne","8":"tag-actualites","9":"tag-allemagne","10":"tag-bundesrepublik-deutschland","11":"tag-de","12":"tag-deutschland","13":"tag-eu","14":"tag-europe","15":"tag-frontiu00e8res","16":"tag-germany","17":"tag-news","18":"tag-pays-bas","19":"tag-republique-federale-dallemagne","20":"tag-sociu00e9tu00e9","21":"tag-u00e9conomie"},"share_on_mastodon":{"url":"https:\/\/pubeurope.com\/@fr\/115821148060709484","error":""},"_links":{"self":[{"href":"https:\/\/www.europesays.com\/fr\/wp-json\/wp\/v2\/posts\/634651","targetHints":{"allow":["GET"]}}],"collection":[{"href":"https:\/\/www.europesays.com\/fr\/wp-json\/wp\/v2\/posts"}],"about":[{"href":"https:\/\/www.europesays.com\/fr\/wp-json\/wp\/v2\/types\/post"}],"author":[{"embeddable":true,"href":"https:\/\/www.europesays.com\/fr\/wp-json\/wp\/v2\/users\/2"}],"replies":[{"embeddable":true,"href":"https:\/\/www.europesays.com\/fr\/wp-json\/wp\/v2\/comments?post=634651"}],"version-history":[{"count":0,"href":"https:\/\/www.europesays.com\/fr\/wp-json\/wp\/v2\/posts\/634651\/revisions"}],"wp:featuredmedia":[{"embeddable":true,"href":"https:\/\/www.europesays.com\/fr\/wp-json\/wp\/v2\/media\/634652"}],"wp:attachment":[{"href":"https:\/\/www.europesays.com\/fr\/wp-json\/wp\/v2\/media?parent=634651"}],"wp:term":[{"taxonomy":"category","embeddable":true,"href":"https:\/\/www.europesays.com\/fr\/wp-json\/wp\/v2\/categories?post=634651"},{"taxonomy":"post_tag","embeddable":true,"href":"https:\/\/www.europesays.com\/fr\/wp-json\/wp\/v2\/tags?post=634651"}],"curies":[{"name":"wp","href":"https:\/\/api.w.org\/{rel}","templated":true}]}}