{"id":634669,"date":"2026-01-01T18:12:11","date_gmt":"2026-01-01T18:12:11","guid":{"rendered":"https:\/\/www.europesays.com\/fr\/634669\/"},"modified":"2026-01-01T18:12:11","modified_gmt":"2026-01-01T18:12:11","slug":"cyclisme-route-le-grand-prix-la-marseillaise-une-premiere-manche-deja-importante","status":"publish","type":"post","link":"https:\/\/www.europesays.com\/fr\/634669\/","title":{"rendered":"Cyclisme. Route &#8211; Le Grand Prix la Marseillaise&#8230; une premi\u00e8re manche d\u00e9j\u00e0 importante"},"content":{"rendered":"<p>Le <strong><a href=\"https:\/\/www.cyclismactu.net\/..\/news-gp-marseillaise-route-valentin-ferron-vainqueur-a-photo-finish-86160.html\" target=\"_blank\" rel=\"noopener\">Grand Prix La Marseillaise<\/a><\/strong> (UCI 1.1) ouvre le bal du circuit <strong><a href=\"https:\/\/www.cyclismactu.net\/..\/news-coupe-de-france-route-une-nouvelle-version-de-coupe-de-france-fdj-united-series-91124.html\" target=\"_blank\" rel=\"noopener\">Coupe de France FDJ United Series<\/a><\/strong>. Pour sa 47e \u00e9dition qui se tiendra le 1er f\u00e9vrier prochain, le plateau s\u2019annonce h\u00e9t\u00e9rog\u00e8ne. Dix-neuf \u00e9quipes seront au d\u00e9part, dont seulement quatre <strong><a href=\"https:\/\/www.cyclismactu.net\/..\/\" target=\"_blank\" rel=\"noopener\">WorldTour<\/a><\/strong>. Ces derni\u00e8res chercheront \u00e0 contr\u00f4ler la course \u00ab\u00a0sans y laisser trop de plumes\u00a0\u00bb, tandis que les \u00e9quipes plus modestes auront pour objectif de marquer de pr\u00e9cieux points <strong>UCI<\/strong>, essentiels \u00e0 leur p\u00e9rennit\u00e9. Cette dualit\u00e9 promet une course tr\u00e8s tactique et explosive, pour le plus grand plaisir des amoureux du v\u00e9lo.<\/p>\n<p>Vid\u00e9o &#8211; Valentin Ferron vainqueur de l&rsquo;\u00e9dition 2025 du GPLM ! Lire la suite de l&rsquo;article&#13;<br \/>\n&#13;<br \/>\nUn feu d\u2019artifice pour ouvrir la saison&#13;<\/p>\n<p>Qui pour succ\u00e9der \u00e0 <strong>Valentin Ferron<\/strong> (Cofidis) ? L\u2019organisateur de la course, le quotidien La Marseillaise, offrira aux coureurs et aux \u00e9quipes un cadre id\u00e9al pour bien entamer leur saison. Les \u00e9quipes <strong>ProTeams<\/strong> et <strong>Continentales<\/strong> devront profiter de la faible pr\u00e9sence d\u2019\u00e9quipes <strong>WorldTour<\/strong> pour s\u2019illustrer, en marquant des points <strong>UCI<\/strong> indispensables \u00e0 leur survie, essentiels pour obtenir des invitations sur les grandes courses et satisfaire des sponsors toujours plus avides de m\u00e9diatisation.<\/p>\n<p>&#13;<\/p>\n<p>Parmi ces \u00e9quipes, on retrouve notamment la <strong>Cofidis<\/strong> du vainqueur sortant. Les formations <strong>WorldTour<\/strong>, repr\u00e9sent\u00e9es en particulier par les deux fers de lance tricolores que sont la <strong>Decathlon AG2R La Mondiale Team<\/strong> et la <strong>Groupama-FDJ<\/strong>, profiteront de cette \u00e9preuve pour faire \u00e9merger leurs jeunes talents et parfaire la pr\u00e9paration de leurs coureurs ayant des objectifs pr\u00e9coces dans la saison.\u00a0Parmi les engag\u00e9s provisoires figurent l\u2019exp\u00e9riment\u00e9 <strong>Bryan Coquard<\/strong> (Cofidis), le tenant du titre <strong>Valentin Ferron<\/strong>, ainsi que la p\u00e9pite tricolore <strong>Axel Laurance <\/strong>(Alpecin-Premier Tech). L\u2019absence de certaines <strong>ProTeams<\/strong>, comme la <strong>Q36.5<\/strong>, t\u00e9moigne de la longueur des saisons et de la n\u00e9cessit\u00e9 de pr\u00e9server les coureurs.<\/p>\n","protected":false},"excerpt":{"rendered":"Le Grand Prix La Marseillaise (UCI 1.1) ouvre le bal du circuit Coupe de France FDJ United Series.&hellip;\n","protected":false},"author":2,"featured_media":634670,"comment_status":"","ping_status":"","sticky":false,"template":"","format":"standard","meta":{"footnotes":""},"categories":[1411],"tags":[1154,207,211,1011,27,209,60,210,212,208,213],"class_list":{"0":"post-634669","1":"post","2":"type-post","3":"status-publish","4":"format-standard","5":"has-post-thumbnail","7":"category-cyclisme","8":"tag-cycling","9":"tag-cyclisme","10":"tag-ffc","11":"tag-fr","12":"tag-france","13":"tag-route","14":"tag-sports","15":"tag-tour-de-france","16":"tag-uci","17":"tag-velo","18":"tag-world-tour"},"share_on_mastodon":{"url":"https:\/\/pubeurope.com\/@fr\/115821199032829302","error":""},"_links":{"self":[{"href":"https:\/\/www.europesays.com\/fr\/wp-json\/wp\/v2\/posts\/634669","targetHints":{"allow":["GET"]}}],"collection":[{"href":"https:\/\/www.europesays.com\/fr\/wp-json\/wp\/v2\/posts"}],"about":[{"href":"https:\/\/www.europesays.com\/fr\/wp-json\/wp\/v2\/types\/post"}],"author":[{"embeddable":true,"href":"https:\/\/www.europesays.com\/fr\/wp-json\/wp\/v2\/users\/2"}],"replies":[{"embeddable":true,"href":"https:\/\/www.europesays.com\/fr\/wp-json\/wp\/v2\/comments?post=634669"}],"version-history":[{"count":0,"href":"https:\/\/www.europesays.com\/fr\/wp-json\/wp\/v2\/posts\/634669\/revisions"}],"wp:featuredmedia":[{"embeddable":true,"href":"https:\/\/www.europesays.com\/fr\/wp-json\/wp\/v2\/media\/634670"}],"wp:attachment":[{"href":"https:\/\/www.europesays.com\/fr\/wp-json\/wp\/v2\/media?parent=634669"}],"wp:term":[{"taxonomy":"category","embeddable":true,"href":"https:\/\/www.europesays.com\/fr\/wp-json\/wp\/v2\/categories?post=634669"},{"taxonomy":"post_tag","embeddable":true,"href":"https:\/\/www.europesays.com\/fr\/wp-json\/wp\/v2\/tags?post=634669"}],"curies":[{"name":"wp","href":"https:\/\/api.w.org\/{rel}","templated":true}]}}