{"id":634671,"date":"2026-01-01T18:13:11","date_gmt":"2026-01-01T18:13:11","guid":{"rendered":"https:\/\/www.europesays.com\/fr\/634671\/"},"modified":"2026-01-01T18:13:11","modified_gmt":"2026-01-01T18:13:11","slug":"chelsea-dit-ciao-a-son-entraineur-enzo-maresca-au-premier-jour-de-lan","status":"publish","type":"post","link":"https:\/\/www.europesays.com\/fr\/634671\/","title":{"rendered":"Chelsea dit \u00ab\u00a0ciao\u00a0\u00bb \u00e0 son entra\u00eeneur Enzo Maresca au premier jour de l\u2019An"},"content":{"rendered":"<p>Et bonne ann\u00e9e surtout\u00a0! Le club anglais de <a href=\"https:\/\/www.20minutes.fr\/sport\/football\/4188686-20251130-chelsea-arsenal-chaine-heure-voir-match-premier-league\" class=\"c-link c-link--is-underlined\" target=\"_blank\" rel=\"noopener\">Chelsea<\/a>, actuel cinqui\u00e8me de Premier League, a annonc\u00e9 ce jeudi se s\u00e9parer de l\u2019entra\u00eeneur <a href=\"https:\/\/www.20minutes.fr\/sport\/football\/premier_league\/4094299-20240603-premier-league-retrouver-sommets-chelsea-mise-italien-enzo-maresca-disciples-pep-guardiola\" class=\"c-link c-link--is-underlined\" target=\"_blank\" rel=\"noopener\">Enzo Maresca<\/a>, en froid avec les dirigeants depuis plusieurs semaines et affaibli par des r\u00e9sultats sportifs d\u00e9clinants. L\u2019Italien de 45 ans, successeur de <a href=\"https:\/\/www.20minutes.fr\/sport\/football\/4036861-20230514-premier-league-mauricio-pochettino-entraineur-chelsea-saison-prochaine\" class=\"c-link c-link--is-underlined\" target=\"_blank\" rel=\"noopener\">Mauricio Pochettino<\/a> \u00e0 l\u2019\u00e9t\u00e9\u00a02024, a ramen\u00e9 le club de Londres en Ligue des champions \u00e0 l\u2019issue de sa premi\u00e8re saison, couronn\u00e9e de succ\u00e8s avec des titres en Ligue Conf\u00e9rence puis \u00e0 la Coupe du monde des clubs.<\/p>\n<\/p>\n<p>Les Blues ont bien d\u00e9but\u00e9 l\u2019actuelle saison mais ont perdu de l\u2019\u00e9lan depuis plusieurs semaines avec une seule victoire dans les sept derniers matchs de championnat. Apr\u00e8s celle-ci, mi-d\u00e9cembre contre Everton, Maresca s\u2019\u00e9tait plaint d\u2019avoir v\u00e9cu ses \u00ab\u00a0pires 48 heures\u00a0\u00bb au club en raison d\u2019un \u00ab\u00a0manque de soutien envers (lui) et l\u2019\u00e9quipe\u00a0\u00bb, une pique visiblement adress\u00e9e \u00e0 la direction. Il \u00e9tait sous contrat jusqu\u2019en\u00a02029, avec une ann\u00e9e suppl\u00e9mentaire en option.<\/p>\n<p>Enjeu de la Ligue des champions<\/p>\n<p>La presse britannique place l\u2019entra\u00eeneur Liam Rosenior parmi les favoris pour lui succ\u00e9der. L\u2019Anglais de 41 ans est actuellement en poste \u00e0 Strasbourg, dont le propri\u00e9taire (le consortium am\u00e9ricain BlueCo) est le m\u00eame que Chelsea. Les Blues sont cinqui\u00e8mes en championnat, encore engag\u00e9s dans les deux coupes nationales et toujours en lice pour se qualifier directement pour les huiti\u00e8mes de finale en Ligue des champions. Ils s\u2019appr\u00eatent \u00e0 disputer neuf matchs durant le mois de janvier.<\/p>\n<p><a href=\"https:\/\/www.20minutes.fr\/sport\/chelsea\/\" class=\"c-link c-btn c-btn--primary\" target=\"_blank\" rel=\"noopener\">Les articles sur le Chelsea<\/a><\/p>\n<p>\u00ab\u00a0Avec des objectifs cl\u00e9s encore \u00e0 atteindre dans quatre comp\u00e9titions, dont la qualification pour la Ligue des champions, Enzo et le club estiment qu\u2019un changement donne \u00e0 l\u2019\u00e9quipe les meilleures chances de remettre la saison sur les rails\u00a0\u00bb, \u00e9crit la formation londonienne dans son communiqu\u00e9.<\/p>\n","protected":false},"excerpt":{"rendered":"Et bonne ann\u00e9e surtout\u00a0! Le club anglais de Chelsea, actuel cinqui\u00e8me de Premier League, a annonc\u00e9 ce jeudi&hellip;\n","protected":false},"author":2,"featured_media":634672,"comment_status":"","ping_status":"","sticky":false,"template":"","format":"standard","meta":{"footnotes":""},"categories":[1410],"tags":[19271,11871,1994,63,1011,27,70,517,60],"class_list":{"0":"post-634671","1":"post","2":"type-post","3":"status-publish","4":"format-standard","5":"has-post-thumbnail","7":"category-football","8":"tag-blues","9":"tag-chelsea","10":"tag-entraineur","11":"tag-football","12":"tag-fr","13":"tag-france","14":"tag-premier-league","15":"tag-sport","16":"tag-sports"},"share_on_mastodon":{"url":"https:\/\/pubeurope.com\/@fr\/115821203185496097","error":""},"_links":{"self":[{"href":"https:\/\/www.europesays.com\/fr\/wp-json\/wp\/v2\/posts\/634671","targetHints":{"allow":["GET"]}}],"collection":[{"href":"https:\/\/www.europesays.com\/fr\/wp-json\/wp\/v2\/posts"}],"about":[{"href":"https:\/\/www.europesays.com\/fr\/wp-json\/wp\/v2\/types\/post"}],"author":[{"embeddable":true,"href":"https:\/\/www.europesays.com\/fr\/wp-json\/wp\/v2\/users\/2"}],"replies":[{"embeddable":true,"href":"https:\/\/www.europesays.com\/fr\/wp-json\/wp\/v2\/comments?post=634671"}],"version-history":[{"count":0,"href":"https:\/\/www.europesays.com\/fr\/wp-json\/wp\/v2\/posts\/634671\/revisions"}],"wp:featuredmedia":[{"embeddable":true,"href":"https:\/\/www.europesays.com\/fr\/wp-json\/wp\/v2\/media\/634672"}],"wp:attachment":[{"href":"https:\/\/www.europesays.com\/fr\/wp-json\/wp\/v2\/media?parent=634671"}],"wp:term":[{"taxonomy":"category","embeddable":true,"href":"https:\/\/www.europesays.com\/fr\/wp-json\/wp\/v2\/categories?post=634671"},{"taxonomy":"post_tag","embeddable":true,"href":"https:\/\/www.europesays.com\/fr\/wp-json\/wp\/v2\/tags?post=634671"}],"curies":[{"name":"wp","href":"https:\/\/api.w.org\/{rel}","templated":true}]}}