{"id":634673,"date":"2026-01-01T18:14:10","date_gmt":"2026-01-01T18:14:10","guid":{"rendered":"https:\/\/www.europesays.com\/fr\/634673\/"},"modified":"2026-01-01T18:14:10","modified_gmt":"2026-01-01T18:14:10","slug":"carnet-rose-deux-stars-de-tele-realite-annoncent-attendre-leur-premier-enfant-pour-le-nouvel-an","status":"publish","type":"post","link":"https:\/\/www.europesays.com\/fr\/634673\/","title":{"rendered":"Carnet rose : deux stars de t\u00e9l\u00e9-r\u00e9alit\u00e9 annoncent attendre leur premier enfant pour le Nouvel an"},"content":{"rendered":"<p>Depuis le lancement des \u00e9missions de t\u00e9l\u00e9-r\u00e9alit\u00e9 en France au<br \/>\nd\u00e9but des ann\u00e9es 2000. De nombreux candidats sont devenus des<br \/>\nstars. De plus, certains sont parvenus \u00e0 trouver l&rsquo;amour au sein de<br \/>\nces programme. <strong>Et m\u00eame \u00e0 fonder une famille.<\/strong> C&rsquo;est<br \/>\nnotamment le cas pour Nikola Lozina et St\u00e9phanie Clerbois. Pour<br \/>\nrappel, les deux candidats de l&rsquo;\u00e9mission The Cerveau sur W9 se sont<br \/>\nfaits conna\u00eetre en participant \u00e0 d&rsquo;autres programmes de<br \/>\nt\u00e9l\u00e9-r\u00e9alit\u00e9 de la cha\u00eene. Comme par exemple Les Marseillais.<\/p>\n<p>C&rsquo;est en septembre 2024 que les deux starlettes de t\u00e9l\u00e9-r\u00e9alit\u00e9<br \/>\nont <strong>officialis\u00e9 leur relation amoureuse<\/strong>.<br \/>\nAuparavant Nikola Lozina avait v\u00e9cu une longue histoire d&rsquo;amour<br \/>\navec <a href=\"https:\/\/www.closermag.fr\/tv_tele_realite\/laura-lempika-psychologiquement-assez-dur-elle-revele-avoir-avorte-au-debut-de-sa-relation-avec-nikola-lozina-3297592\" target=\"_blank\" rel=\"noopener\"><br \/>\nla m\u00e8re de son fils Zlatan, Laura Lempika<\/a>. De son c\u00f4t\u00e9,<br \/>\nSt\u00e9phanie Clerbois \u00e9tait d\u00e9j\u00e0 la m\u00e8re de <a href=\"https:\/\/www.closermag.fr\/tv-tele-realite\/secret-story\/stephanie-clerbois-secret-story-trompee-elle-a-quitte-le-pere-de-son-bebe-698393\" target=\"_blank\" rel=\"noopener\"><br \/>\ndeux enfants baptis\u00e9s Lyam et Charlize<\/a> avant de se mettre en<br \/>\ncouple avec son partenaire de l&rsquo;\u00e9mission The Cerveau.<\/p>\n<p>Nikola Lozina et St\u00e9phanie Clerbois vont devenir parents en<br \/>\n2026<\/p>\n<p>Ils s&rsquo;appr\u00eatent d\u00e9sormais \u00e0 agrandir leur tribu en formant une<br \/>\nfamille recompos\u00e9e. En effet, Nikola Lozina et St\u00e9phanie Clerbois<br \/>\nont tous les deux annonc\u00e9s <strong>qu&rsquo;ils attendaient leur premier<br \/>\nenfant<\/strong> sur Instagram le mercredi 31 d\u00e9cembre 2025. Ils ont<br \/>\nainsi post\u00e9 plusieurs photos mettant clairement en \u00e9vidence le<br \/>\nbaby-bump de la future maman. Les deux starlettes de t\u00e9l\u00e9-r\u00e9alit\u00e9<br \/>\nont aussi d\u00e9voil\u00e9 plusieurs \u00e9chographies de leur futur b\u00e9b\u00e9.<\/p>\n<p>\u00ab\u00a0Apr\u00e8s la pluie, il arrive parfois qu\u2019un arc-en-ciel prenne<br \/>\ndoucement sa place. La vie, c\u2019est aussi parfois savoir surprendre<br \/>\nquand on s\u2019y attend le moins. <strong>Nous avan\u00e7ons tout<br \/>\ndoucement<\/strong>, le c\u0153ur rempli de bonheur et d\u2019impatience. Un<br \/>\npetit \u00eatre se pr\u00e9pare \u00e0 nous rejoindre\u00a0\u00bb, a notamment \u00e9crit<br \/>\nNikola Lozina en guise de l\u00e9gende pour ces clich\u00e9s sur Instagram.<br \/>\n\u00ab\u00a0La famille s&rsquo;agrandit : mini nous est en route !\u00a0\u00bb, a<br \/>\najout\u00e9 pour sa part St\u00e9phanie Clerbois.<\/p>\n<blockquote class=\"instagram-media\" style=\"background: #ffffff;border: 0;margin: 1px;width: 100%;padding: 0;max-width: 500px;\" data-instgrm-permalink=\"https:\/\/www.instagram.com\/p\/DS8CO2dDNhp\/?img_index=1\" data-instgrm-version=\"14\"\/><p>\nLe couple de t\u00e9l\u00e9-r\u00e9alit\u00e9 a perdu un<br \/>\npremier enfant avant sa naissance en 2025<\/p>\n<p>Sans grande surprise, de tr\u00e8s nombreux autres candidats<br \/>\nembl\u00e9matiques de la t\u00e9l\u00e9-r\u00e9alit\u00e9 en France <strong>leur ont adress\u00e9<br \/>\ndes messages de f\u00e9licitations<\/strong> sur les r\u00e9seaux sociaux.<br \/>\nPour rappel, le couple aurait d\u00e9j\u00e0 d\u00fb accueilli un premier enfant<br \/>\nen 2025. Malheureusement, St\u00e9phanie Clerbois avait annonc\u00e9 <a href=\"https:\/\/www.telestar.fr\/people\/nicolas-lozina-et-stephanie-clerbois-le-couple-au-plus-mal-mon-gynecologue-mannoncait-1714140\" target=\"_blank\" rel=\"noopener\"><br \/>\navoir fait une fausse couche<\/a> au mois de mars.<\/p>\n<p>\u00ab\u00a0Lundi pass\u00e9, en fin de journ\u00e9e, <strong>mon gyn\u00e9cologue<br \/>\nm&rsquo;annon\u00e7ait que ma grossesse s&rsquo;\u00e9tait arr\u00eat\u00e9e,<\/strong> que je<br \/>\nfaisais une fausse couche apr\u00e8s 11 semaines\u00a0\u00bb, avait-elle ainsi<br \/>\n\u00e9crit sur les r\u00e9seaux sociaux. \u00ab\u00a0On va prendre un peu de recul.<br \/>\nJe n&rsquo;ai pas envie de parler de \u00e7a, j&rsquo;ai envie de relever la t\u00eate.<br \/>\nIl y a plein de belles choses qui arrivent\u00a0\u00bb, avait ensuite<br \/>\najout\u00e9 son compagnon lors d&rsquo;un Live sur Tik Tok.<\/p>\n<p><script async src=\"\/\/www.instagram.com\/embed.js\"><\/script><\/p>\n","protected":false},"excerpt":{"rendered":"Depuis le lancement des \u00e9missions de t\u00e9l\u00e9-r\u00e9alit\u00e9 en France au d\u00e9but des ann\u00e9es 2000. De nombreux candidats sont&hellip;\n","protected":false},"author":2,"featured_media":634674,"comment_status":"","ping_status":"","sticky":false,"template":"","format":"standard","meta":{"footnotes":""},"categories":[1359],"tags":[21303,58,59,1011,27,70426,973],"class_list":{"0":"post-634673","1":"post","2":"type-post","3":"status-publish","4":"format-standard","5":"has-post-thumbnail","7":"category-people","8":"tag-buzz_nonli","9":"tag-divertissement","10":"tag-entertainment","11":"tag-fr","12":"tag-france","13":"tag-marfeel_news","14":"tag-people"},"share_on_mastodon":{"url":"https:\/\/pubeurope.com\/@fr\/115821206811908520","error":""},"_links":{"self":[{"href":"https:\/\/www.europesays.com\/fr\/wp-json\/wp\/v2\/posts\/634673","targetHints":{"allow":["GET"]}}],"collection":[{"href":"https:\/\/www.europesays.com\/fr\/wp-json\/wp\/v2\/posts"}],"about":[{"href":"https:\/\/www.europesays.com\/fr\/wp-json\/wp\/v2\/types\/post"}],"author":[{"embeddable":true,"href":"https:\/\/www.europesays.com\/fr\/wp-json\/wp\/v2\/users\/2"}],"replies":[{"embeddable":true,"href":"https:\/\/www.europesays.com\/fr\/wp-json\/wp\/v2\/comments?post=634673"}],"version-history":[{"count":0,"href":"https:\/\/www.europesays.com\/fr\/wp-json\/wp\/v2\/posts\/634673\/revisions"}],"wp:featuredmedia":[{"embeddable":true,"href":"https:\/\/www.europesays.com\/fr\/wp-json\/wp\/v2\/media\/634674"}],"wp:attachment":[{"href":"https:\/\/www.europesays.com\/fr\/wp-json\/wp\/v2\/media?parent=634673"}],"wp:term":[{"taxonomy":"category","embeddable":true,"href":"https:\/\/www.europesays.com\/fr\/wp-json\/wp\/v2\/categories?post=634673"},{"taxonomy":"post_tag","embeddable":true,"href":"https:\/\/www.europesays.com\/fr\/wp-json\/wp\/v2\/tags?post=634673"}],"curies":[{"name":"wp","href":"https:\/\/api.w.org\/{rel}","templated":true}]}}