{"id":634676,"date":"2026-01-01T18:17:12","date_gmt":"2026-01-01T18:17:12","guid":{"rendered":"https:\/\/www.europesays.com\/fr\/634676\/"},"modified":"2026-01-01T18:17:12","modified_gmt":"2026-01-01T18:17:12","slug":"audiences-2025-en-pleine-ascension-cnews-desormais-a-un-cheveu-de-france-5","status":"publish","type":"post","link":"https:\/\/www.europesays.com\/fr\/634676\/","title":{"rendered":"Audiences 2025 : en pleine ascension, CNews d\u00e9sormais \u00e0 un cheveu de\u2026 France 5\u00a0!"},"content":{"rendered":"<p>Hier, la presse de gauche s\u2019est empress\u00e9e de relayer rageusement une d\u00e9cision de l\u2019Arcom. Floril\u00e8ge : \u00ab l\u2019Arcom met en demeure la cha\u00eene pour deux s\u00e9quences traitant de l\u2019immigration et de l\u2019islam pouvant inciter \u00e0 la \u00ab\u00a0discrimination\u00a0\u00bb \u00bb (Le Monde). L&rsquo;Arcom met une nouvelle fois en demeure CNews pour deux s\u00e9quences incitant \u00e0 la \u00ab\u00a0discrimination\u00a0\u00bb (France Info), Incitation \u00e0 la discrimination : CNews mis en demeure par l\u2019Arcom pour des propos sur l\u2019islam et les immigr\u00e9s (Lib\u00e9ration), L\u2019Arcom tance CNews pour des propos discriminatoires \u00e0 l\u2019\u00e9gard des personnes musulmanes ou d\u2019origine immigr\u00e9e (Mediapart), Audiences 2025\u00a0: CNews, premi\u00e8re cha\u00eene d\u2019intox de France\u2026 avec une nouvelle sanction de l\u2019Arcom (T\u00e9l\u00e9rama). Un sacr\u00e9 retentissement pour une d\u00e9cision\u2026 courante.<\/p>\n<p>En 2024, l\u2019Arcom a en effet prononc\u00e9 <a href=\"https:\/\/www.vie-publique.fr\/files\/rapport\/pdf\/299790.pdf\" target=\"_blank\" rel=\"noopener\">50 mises en demeure<\/a>, soit pr\u00e8s d\u2019une par semaine. Toutes n\u2019ont pas eu ce retentissement XXL, loin s\u2019en faut !<\/p>\n<p>Nervosit\u00e9<\/p>\n<p>Quelles sont donc les deux fautes inexpiables de CNews \u00e0 l\u2019origine de ce ch\u0153ur de vierges outr\u00e9es ? Premi\u00e8re faute : Marie-H\u00e9l\u00e8ne Thoraval, la courageuse maire de Romans-sur-Is\u00e8re, a estim\u00e9 que les attaques au couteau relevaient \u00ab d\u2019un caract\u00e8re culturel \u00bb, leurs auteurs n\u2019\u00e9tant pas \u00ab Fran\u00e7ais de souche \u00bb et ayant \u00ab des origines qui sont plus li\u00e9es avec (\u2026) l\u2019islam \u00bb. Interdit, donc. Dans sa d\u00e9cision du 17 d\u00e9cembre, l\u2019Arcom consid\u00e8re qu&rsquo; \u00ab une telle stigmatisation \u00bb (!) est \u00ab de nature \u00e0 encourager des comportements discriminatoires \u00bb. Seconde faute : le journaliste de Fronti\u00e8res Jordan Florentin a estim\u00e9 \u00e0 l\u2019antenne que les immigr\u00e9s \u00ab ne peuvent pas forc\u00e9ment s\u2019acclimater avec nos valeurs, nos m\u0153urs et notre culture \u00bb, d\u2019autant qu\u2019est en cours un \u00ab grand remplacement \u00bb. Stupeur et tremblements. Pour l\u2019Arcom, \u00ab ces propos v\u00e9hiculent de nombreux st\u00e9r\u00e9otypes particuli\u00e8rement infamants \u00e0 l\u2019\u00e9gard des personnes immigr\u00e9es dans leur ensemble \u00bb\u2026 Chacun jugera.<\/p>\n<p>Quoi qu&rsquo;il en soit, l\u2019instance de r\u00e9gulation de l\u2019audiovisuel donne l\u00e0 des signes de nervosit\u00e9. En passant de 2,9 % en moyenne en 2024 \u00e0 3,4 % <a href=\"https:\/\/www.mediametrie.fr\/system\/files\/2025-12\/C2%20O%20COM%202025%2012%2029%20CP_M%C3%A9diamat%20Annuel%202025.pdf\" target=\"_blank\" rel=\"noopener\">selon le bilan 2025 de M\u00e9diam\u00e9trie tout juste paru ce 29 d\u00e9cembre<\/a>, CNews agite les peurs\u2026 de la concurrence. La cha\u00eene de Pascal Praud, Sonia Mabrouk ou Christine Kelly s\u2019installe pour la premi\u00e8re fois en t\u00eate des cha\u00eenes d\u2019information de France, loin devant la num\u00e9ro deux, l\u2019ancienne leader du secteur BFM TV, qui se tasse \u00e0 2,8 %. Jamais une cha\u00eene d\u2019information n\u2019avait grimp\u00e9 aussi haut. Le directeur g\u00e9n\u00e9ral de Canal+, en charge des programmes et des antennes, G\u00e9rald-Brice Viret, peut <a href=\"https:\/\/x.com\/gbviret\/status\/2005595781966045515?s=20\" target=\"_blank\" rel=\"noopener\">triompher sur X<\/a> : \u00ab Sur un an, CNews est la cha\u00eene qui progresse le plus, toutes cha\u00eenes confondues\u00a0\u00bb. La cha\u00eene qui compte le plus d\u2019ennemis dans la sph\u00e8re du pouvoir peut remercier Emmanuel Macron, \u00e9lu en 2017 :\u00a0 \u00ab Depuis son lancement en 2017, l\u2019audience de CNews a \u00e9t\u00e9 multipli\u00e9e par 5,7, avec une progression enregistr\u00e9e chaque ann\u00e9e, sans exception \u00bb, poursuit G\u00e9rald-Brice Viret qui \u00e9voque \u00ab une trajectoire unique dans le paysage audiovisuel fran\u00e7ais \u00bb. Ce que personne ne contestera.<\/p>\n<p>Objectif : France 5<\/p>\n<p>CNews prend en effet l\u2019allure d\u2019un ph\u00e9nom\u00e8ne m\u00e9diatique inarr\u00eatable. La maison de Christine Kelly a depuis longtemps rel\u00e9gu\u00e9 la cha\u00eene d\u2019information du service public Franceinfo, inutile et co\u00fbteuse, qui se traine cette ann\u00e9e sous la barre du 1 % d\u2019audience (\u00e0 0,9 %). La m\u00eame CNews domine la cha\u00eene de jeunesse publique Gulli (1,1 %) sur un autre cr\u00e9neau et la cha\u00eene franco-allemande Arte (3,1 % d\u2019audience en 2025). <a href=\"https:\/\/www.arte.tv\/sites\/fr\/corporate\/financement\/\" target=\"_blank\" rel=\"noopener\">Arte a pourtant pes\u00e9 pour 71 millions d\u2019euros<\/a> sur les finances publiques en 2024\u2026 alors que CNews est financ\u00e9e par la publicit\u00e9.<\/p>\n<p>Le prochain objectif est de taille\u00a0: il s\u2019appelle France 5. CNews n\u2019est plus qu\u2019\u00e0 un cheveu (\u00e0 0,1 point pr\u00e9cis\u00e9ment) de la cha\u00eene publique \u00ab\u00a0de la connaissance\u00a0\u00bb, cinqui\u00e8me cha\u00eene fran\u00e7aise en audience, fr\u00e9quemment mise en cause pour ses partis pris \u00e9ditoriaux tr\u00e8s \u00e0 gauche.<\/p>\n<p>La rel\u00e9gation de France 5 derri\u00e8re CNews, qui pourrait intervenir bien avant la fin de l&rsquo;ann\u00e9e 2026, ferait r\u00e9sonner un coup de tonnerre historique dans la maison France T\u00e9l\u00e9visions qui aspire paisiblement chaque ann\u00e9e 2,5 milliards d\u2019euros au budget de la France et aux Fran\u00e7ais. D\u2019o\u00f9 la nervosit\u00e9 de la patronne Delphine Ernotte et de ses relais m\u00e9diatiques. Dans ce contexte explosif, pas \u00e9tonnant que France T\u00e9l\u00e9visions et ses dirigeants d\u00e9clarent la guerre au groupe Bollor\u00e9.<\/p>\n<p>Ces r\u00e9sultats d\u2019audience tombent mal pour le groupe public, au moment o\u00f9 le pugnace d\u00e9put\u00e9 UDR Charles Alloncle force cet \u00c9tat dans l\u2019\u00c9tat \u00e0 d\u00e9voiler ses m\u00e9thodes. Le petit monde ouat\u00e9 de l\u2019audiovisuel public et ses ramifications vers le pouvoir est saisi de stupeur. Pour conserver ses subventions, il est pr\u00eat \u00e0 tout. L\u2019ann\u00e9e 2026 risque d\u2019\u00eatre anim\u00e9e au sein du Paysage m\u00e9diatique et audiovisuel fran\u00e7ais.<\/p>\n<p>                    <a href=\"#\" rel=\"nofollow\" onclick=\"window.print(); pfTrackEvent('Audiences 2025 : en pleine ascension, CNews d\u00e9sormais \u00e0 un cheveu de\u2026 France 5\u00a0!'); return false;\" title=\"Printer Friendly, PDF &amp; Email\"><br \/>\n                    <img decoding=\"async\" src=\"https:\/\/www.europesays.com\/fr\/wp-content\/uploads\/2025\/04\/printfriendly-icon-sm.png\" alt=\"Print Friendly, PDF &amp; Email\" class=\"pf-button-img\" style=\"width: 17px;height: 17px;\"\/>Imprimer, enregistrer en PDF cet article<br \/>\n                    <\/a><\/p>\n","protected":false},"excerpt":{"rendered":"Hier, la presse de gauche s\u2019est empress\u00e9e de relayer rageusement une d\u00e9cision de l\u2019Arcom. Floril\u00e8ge : \u00ab l\u2019Arcom&hellip;\n","protected":false},"author":2,"featured_media":634677,"comment_status":"","ping_status":"","sticky":false,"template":"","format":"standard","meta":{"footnotes":""},"categories":[1356],"tags":[58,59,1011,27,252,1364],"class_list":{"0":"post-634676","1":"post","2":"type-post","3":"status-publish","4":"format-standard","5":"has-post-thumbnail","7":"category-television","8":"tag-divertissement","9":"tag-entertainment","10":"tag-fr","11":"tag-france","12":"tag-television","13":"tag-tv"},"share_on_mastodon":{"url":"https:\/\/pubeurope.com\/@fr\/115821218681983277","error":""},"_links":{"self":[{"href":"https:\/\/www.europesays.com\/fr\/wp-json\/wp\/v2\/posts\/634676","targetHints":{"allow":["GET"]}}],"collection":[{"href":"https:\/\/www.europesays.com\/fr\/wp-json\/wp\/v2\/posts"}],"about":[{"href":"https:\/\/www.europesays.com\/fr\/wp-json\/wp\/v2\/types\/post"}],"author":[{"embeddable":true,"href":"https:\/\/www.europesays.com\/fr\/wp-json\/wp\/v2\/users\/2"}],"replies":[{"embeddable":true,"href":"https:\/\/www.europesays.com\/fr\/wp-json\/wp\/v2\/comments?post=634676"}],"version-history":[{"count":0,"href":"https:\/\/www.europesays.com\/fr\/wp-json\/wp\/v2\/posts\/634676\/revisions"}],"wp:featuredmedia":[{"embeddable":true,"href":"https:\/\/www.europesays.com\/fr\/wp-json\/wp\/v2\/media\/634677"}],"wp:attachment":[{"href":"https:\/\/www.europesays.com\/fr\/wp-json\/wp\/v2\/media?parent=634676"}],"wp:term":[{"taxonomy":"category","embeddable":true,"href":"https:\/\/www.europesays.com\/fr\/wp-json\/wp\/v2\/categories?post=634676"},{"taxonomy":"post_tag","embeddable":true,"href":"https:\/\/www.europesays.com\/fr\/wp-json\/wp\/v2\/tags?post=634676"}],"curies":[{"name":"wp","href":"https:\/\/api.w.org\/{rel}","templated":true}]}}