{"id":634678,"date":"2026-01-01T18:18:10","date_gmt":"2026-01-01T18:18:10","guid":{"rendered":"https:\/\/www.europesays.com\/fr\/634678\/"},"modified":"2026-01-01T18:18:10","modified_gmt":"2026-01-01T18:18:10","slug":"voyage-en-famille-pour-julien-clerc-sur-un-autre-continent-son-fils-leonard-organise-une-surprise-a-laquelle-le-chanteur-ne-sattendait-pas","status":"publish","type":"post","link":"https:\/\/www.europesays.com\/fr\/634678\/","title":{"rendered":"Voyage en famille pour Julien Clerc, sur un autre continent : son fils L\u00e9onard organise une surprise \u00e0 laquelle le chanteur ne s&rsquo;attendait pas"},"content":{"rendered":"<p>La suite apr\u00e8s la publicit\u00e9<\/p>\n<p>Il pensait passer un voyage en famille mais le destin en a d\u00e9cid\u00e9 autrement\u2026 enfin plut\u00f4t son fils. En juillet dernier,<a href=\"https:\/\/www.purepeople.com\/people\/julien-clerc_p152\" target=\"_blank\" rel=\"noopener\"> Julien Clerc,<\/a> <a href=\"https:\/\/www.purepeople.com\/article\/julien-clerc-et-helene-gremillon-a-17-ans-leur-fils-leonard-est-une-star-des-reseaux-dans-un-domaine-tres-eloigne-de-la-musique_a543145\/1\" target=\"_blank\" rel=\"noopener\">sa femme H\u00e9l\u00e8ne Gr\u00e9millon et leur adolescent L\u00e9onard <\/a>ont effectu\u00e9 un s\u00e9jour inoubliable au Japon. Toutefois, comme l\u2019a indiqu\u00e9 Paris Match en septembre dernier, celui-ci a connu un tournant inattendu<strong>. Les faits se sont d\u00e9roul\u00e9s le 30 juillet lorsque Miyoko, grande fan de l&rsquo;artiste depuis de nombreuses ann\u00e9es, a remarqu\u00e9 que L\u00e9onard se trouvait dans son pays.<\/strong> Ce dernier, \u00e2g\u00e9 de seulement 17 ans, n\u2019a pas fait le d\u00e9placement tout seul et elle en a donc conclu que Julien Clerc \u00e9tait tr\u00e8s certainement \u00e0 ses c\u00f4t\u00e9s.<\/p>\n<p>Miyoko estime qu\u2019il s\u2019agit du bon moment pour tenter sa chance. Elle contacte L\u00e9onard et le jeune homme lui r\u00e9pond. \u201cJe lui ai dit qu\u2019on passait par Kobe. Elle nous attend \u00e0 la gare\u201d, a-t-il affirm\u00e9 \u00e0 ses parents. D\u2019abord agac\u00e9, Julien Clerc s\u2019imagine refuser mais il change finalement d\u2019avis. <strong>\u201cAlors invitons-la \u00e0 d\u00e9jeuner\u201d<\/strong>, a-t-il d\u00e9clar\u00e9. De quoi faire plaisir \u00e0 la principale concern\u00e9e qui attendait cette rencontre avec impatience. Le m\u00e9dia pr\u00e9cise que, durant le repas, le chanteur a laiss\u00e9 son \u00e9pouse H\u00e9l\u00e8ne mener la conversation. Et, bien \u00e9videmment, il a pris la pose sur le quai de la gare avec Miyoko, \u00e9merveill\u00e9e devant son idole.<\/p>\n<p>Julien Clerc : le chanteur est ensuite redevenu un anonyme dans les rues de Tokyo<\/p>\n<p>Julien Clerc ne s\u2019attendait pas \u00e0 passer un d\u00e9jeuner avec <a href=\"https:\/\/www.purepeople.com\/article\/star-academy-2023-une-grande-star-a-reserve-une-belle-surprise-a-lenie-qui-est-sa-plus-grande-fan_a518292\/1\" target=\"_blank\" rel=\"noopener\">une de ses plus grandes fans<\/a>. Cette derni\u00e8re l\u2019a d\u00e9couvert en 1974 lors de sa premi\u00e8re et unique tourn\u00e9e japonaise. <strong>Depuis, elle a encha\u00een\u00e9 les concerts dans plusieurs pays et esp\u00e9rait avoir la chance de le rencontrer un jour. <\/strong>Une fois ce moment termin\u00e9, Julien Clerc et sa famille ont pu d\u00e9ambuler dans les rues de Tokyo, devant des anonymes. Ce n\u2019est pas la premi\u00e8re fois que l&rsquo;artiste vient au Japon puisqu\u2019il s&rsquo;\u00e9tait d\u00e9j\u00e0 rendu \u00e0 l\u2019\u00e9t\u00e9 2023, puis en 2024 et bien s\u00fbr, en 2025.<\/p>\n<p>\u00c0 chaque fois qu\u2019il se rend au Japon, Julien Clerc pr\u00e9voit un programme tr\u00e8s charg\u00e9. <strong>\u201cKyoto, Nagoya, les \u00eeles du Sud, les plages d\u00e9sertes, le Mus\u00e9e du m\u00e9morial de la paix de Hiroshima, les salons de th\u00e9 priv\u00e9s de Tokyo ou les restaurants peu connus des touristes\u201d<\/strong>, peut-on lire. Il affirme pouvoir compter sur Florent Dabadie, le fils de Jean-Loup, <a href=\"https:\/\/www.purepeople.com\/article\/julien-clerc-cette-celebre-chanson-quil-arrete-dinterpreter-sur-scene-car-elle-demande-beaucoup-denergie_a543362\/1\" target=\"_blank\" rel=\"noopener\">parolier des grands succ\u00e8s du chanteur<\/a>, pour lui indiquer les endroits o\u00f9 se rendre. \u201cJe l\u2019ai revu aux obs\u00e8ques de son p\u00e8re. \u00c7a a \u00e9t\u00e9 le d\u00e9clic. On imagine le voyage ensemble, on le fait ensemble, il nous permet de vivre avec lui des moments merveilleux\u201d, a conclu Julien Clerc. <strong>Tout comme sa grande fan, le chanteur n\u2019oubliera jamais ce voyage.<\/strong><\/p>\n","protected":false},"excerpt":{"rendered":"La suite apr\u00e8s la publicit\u00e9 Il pensait passer un voyage en famille mais le destin en a d\u00e9cid\u00e9&hellip;\n","protected":false},"author":2,"featured_media":634679,"comment_status":"","ping_status":"","sticky":false,"template":"","format":"standard","meta":{"footnotes":""},"categories":[1355],"tags":[58,59,1011,27,1361,873],"class_list":{"0":"post-634678","1":"post","2":"type-post","3":"status-publish","4":"format-standard","5":"has-post-thumbnail","7":"category-musique","8":"tag-divertissement","9":"tag-entertainment","10":"tag-fr","11":"tag-france","12":"tag-music","13":"tag-musique"},"share_on_mastodon":{"url":"https:\/\/pubeurope.com\/@fr\/115821222707623136","error":""},"_links":{"self":[{"href":"https:\/\/www.europesays.com\/fr\/wp-json\/wp\/v2\/posts\/634678","targetHints":{"allow":["GET"]}}],"collection":[{"href":"https:\/\/www.europesays.com\/fr\/wp-json\/wp\/v2\/posts"}],"about":[{"href":"https:\/\/www.europesays.com\/fr\/wp-json\/wp\/v2\/types\/post"}],"author":[{"embeddable":true,"href":"https:\/\/www.europesays.com\/fr\/wp-json\/wp\/v2\/users\/2"}],"replies":[{"embeddable":true,"href":"https:\/\/www.europesays.com\/fr\/wp-json\/wp\/v2\/comments?post=634678"}],"version-history":[{"count":0,"href":"https:\/\/www.europesays.com\/fr\/wp-json\/wp\/v2\/posts\/634678\/revisions"}],"wp:featuredmedia":[{"embeddable":true,"href":"https:\/\/www.europesays.com\/fr\/wp-json\/wp\/v2\/media\/634679"}],"wp:attachment":[{"href":"https:\/\/www.europesays.com\/fr\/wp-json\/wp\/v2\/media?parent=634678"}],"wp:term":[{"taxonomy":"category","embeddable":true,"href":"https:\/\/www.europesays.com\/fr\/wp-json\/wp\/v2\/categories?post=634678"},{"taxonomy":"post_tag","embeddable":true,"href":"https:\/\/www.europesays.com\/fr\/wp-json\/wp\/v2\/tags?post=634678"}],"curies":[{"name":"wp","href":"https:\/\/api.w.org\/{rel}","templated":true}]}}