{"id":634692,"date":"2026-01-01T18:25:15","date_gmt":"2026-01-01T18:25:15","guid":{"rendered":"https:\/\/www.europesays.com\/fr\/634692\/"},"modified":"2026-01-01T18:25:15","modified_gmt":"2026-01-01T18:25:15","slug":"friedrich-merz-nouvel-ennemi-numero-un-du-kremlin","status":"publish","type":"post","link":"https:\/\/www.europesays.com\/fr\/634692\/","title":{"rendered":"Friedrich Merz, nouvel ennemi num\u00e9ro un du Kremlin"},"content":{"rendered":"<p>\n    <strong>D\u00c9CRYPTAGE &#8211; <\/strong>En se posant en champion europ\u00e9en de la d\u00e9fense de l\u2019Ukraine, le chancelier allemand s\u2019est attir\u00e9 les foudres de la Russie.<\/p>\n<p class=\"fig-paragraph\">Pris en \u00e9tau entre la\u00a0<a href=\"http:\/\/www.lefigaro.fr\/international\/malgre-des-gains-territoriaux-une-annee-d-humiliations-pour-la-russie-20251231\" data-fig-type=\"Article\" data-gtm-custom-categorie=\"navigation\" data-gtm-custom-action=\"crossclick\" data-gtm-custom-label=\"Contextuel\" data-gtm-event=\"customEventSPE\" data-fig-domain=\"LEFIGARO\" target=\"_blank\" rel=\"noopener\">Russie<\/a>\u00a0et les \u00c9tats-Unis,<a href=\"http:\/\/www.lefigaro.fr\/international\/allemagne-les-ambitions-internationales-contrariees-du-chancelier-de-l-exterieur-friedrich-merz-20251222\" data-fig-type=\"Article\" data-gtm-custom-categorie=\"navigation\" data-gtm-custom-action=\"crossclick\" data-gtm-custom-label=\"Contextuel\" data-gtm-event=\"customEventSPE\" data-fig-domain=\"LEFIGARO\" target=\"_blank\" rel=\"noopener\">\u00a0Friedrich Merz<\/a>\u00a0cherche sa place sur la sc\u00e8ne diplomatique. Les deux poids lourds g\u00e9opolitiques sont les seuls pays cit\u00e9s nomm\u00e9ment par le chancelier \u00e9lu en mai pour sa premi\u00e8re pr\u00e9sentation des v\u0153ux de Nouvel An aux Allemands. Avec l\u2019ambition d\u2019inspirer la confiance\u00a0: \u00ab\u00a0Nous ne sommes pas le jouet des grandes puissances.\u00a0\u00bb Premier chancelier depuis Konrad Adenauer \u00e0 atteindre l\u2019\u00e2ge de 70\u00a0ans en fonction, Merz consid\u00e8re que la libert\u00e9 et la s\u00e9curit\u00e9 du continent sont directement menac\u00e9es par la guerre \u00e0 l\u2019Est. \u00ab\u00a0L\u2019agression de la Russie faisait et fait toujours partie d\u2019un plan qui vise l\u2019ensemble de l\u2019Europe, a-t-il pr\u00e9venu. Chaque jour, l\u2019Allemagne est victime de sabotages, d\u2019espionnage et de cyberattaques.\u00a0\u00bb<\/p>\n<p class=\"fig-paragraph\">Un article du Spiegel publi\u00e9 pendant la p\u00e9riode des f\u00eates \u00e9voque les soup\u00e7ons des enqu\u00eateurs concernant des actes de sabotage men\u00e9s l\u2019an dernier contre le r\u00e9seau ferroviaire allemand. Revendiqu\u00e9s par un collectif d\u2019extr\u00eame gauche\u2026<\/p>\n<p class=\"fig-premium-paywall__infos\">\n        Cet article est r\u00e9serv\u00e9 aux abonn\u00e9s.        Il vous reste 82% \u00e0 d\u00e9couvrir.\n    <\/p>\n<p>                <img  data- alt=\"Le Figaro\" class=\"fig-img--complete fig-img\"\/><\/p>\n<p class=\"fig-premium-paywall__title\">Vous avez envie de lire la suite ?<\/p>\n<p class=\"fig-premium-paywall__subtitle\">D\u00e9bloquez tous les articles imm\u00e9diatement.<\/p>\n<p class=\"fig-premium-paywall__connect\">\n                D\u00e9j\u00e0 abonn\u00e9\u00a0?                <a class=\"fig-premium-paywall__connect-link\" href=\"https:\/\/connect.lefigaro.fr\/login?client=horizon_web&amp;type=main&amp;redirect_uri=https%3A%2F%2Fwww.lefigaro.fr%2Finternational%2Ffriedrich-merz-nouvel-ennemi-numero-un-du-kremlin-20260101\" data-js-gtm=\"{&quot;customCategorie&quot;: &quot;conversion&quot;, &quot;customAction&quot;: &quot;before_Landing_Connexion_paywall_auto&quot;, &quot;customLabel&quot;: &quot;bGVmaWdhcm8uZnJfXzFmMGU3MTY3LWE5MjgtNmE3OC04OWEwLTliODNkNDdkMjFhOV9fQXJ0aWNsZQ==_Friedrich Merz, nouvel ennemi num\u00e9ro un du Kremlin_223&quot;, &quot;customIDSPE&quot;: &quot;bGVmaWdhcm8uZnJfXzFmMGU3MTY3LWE5MjgtNmE3OC04OWEwLTliODNkNDdkMjFhOV9fQXJ0aWNsZQ==&quot;, &quot;event&quot;: &quot;customEventSPE&quot;}\" target=\"_blank\" rel=\"noopener\"><br \/>\n                    Connectez-vous<br \/>\n                <\/a>\n            <\/p>\n","protected":false},"excerpt":{"rendered":"D\u00c9CRYPTAGE &#8211; En se posant en champion europ\u00e9en de la d\u00e9fense de l\u2019Ukraine, le chancelier allemand s\u2019est attir\u00e9&hellip;\n","protected":false},"author":2,"featured_media":634693,"comment_status":"","ping_status":"","sticky":false,"template":"","format":"standard","meta":{"footnotes":""},"categories":[5],"tags":[11,672,1011,27,4710,14,12,28],"class_list":{"0":"post-634692","1":"post","2":"type-post","3":"status-publish","4":"format-standard","5":"has-post-thumbnail","7":"category-international","8":"tag-actualites","9":"tag-allemagne","10":"tag-fr","11":"tag-france","12":"tag-friedrich-merz","13":"tag-international","14":"tag-news","15":"tag-world"},"share_on_mastodon":{"url":"https:\/\/pubeurope.com\/@fr\/115821250106801696","error":""},"_links":{"self":[{"href":"https:\/\/www.europesays.com\/fr\/wp-json\/wp\/v2\/posts\/634692","targetHints":{"allow":["GET"]}}],"collection":[{"href":"https:\/\/www.europesays.com\/fr\/wp-json\/wp\/v2\/posts"}],"about":[{"href":"https:\/\/www.europesays.com\/fr\/wp-json\/wp\/v2\/types\/post"}],"author":[{"embeddable":true,"href":"https:\/\/www.europesays.com\/fr\/wp-json\/wp\/v2\/users\/2"}],"replies":[{"embeddable":true,"href":"https:\/\/www.europesays.com\/fr\/wp-json\/wp\/v2\/comments?post=634692"}],"version-history":[{"count":0,"href":"https:\/\/www.europesays.com\/fr\/wp-json\/wp\/v2\/posts\/634692\/revisions"}],"wp:featuredmedia":[{"embeddable":true,"href":"https:\/\/www.europesays.com\/fr\/wp-json\/wp\/v2\/media\/634693"}],"wp:attachment":[{"href":"https:\/\/www.europesays.com\/fr\/wp-json\/wp\/v2\/media?parent=634692"}],"wp:term":[{"taxonomy":"category","embeddable":true,"href":"https:\/\/www.europesays.com\/fr\/wp-json\/wp\/v2\/categories?post=634692"},{"taxonomy":"post_tag","embeddable":true,"href":"https:\/\/www.europesays.com\/fr\/wp-json\/wp\/v2\/tags?post=634692"}],"curies":[{"name":"wp","href":"https:\/\/api.w.org\/{rel}","templated":true}]}}