{"id":634696,"date":"2026-01-01T18:27:14","date_gmt":"2026-01-01T18:27:14","guid":{"rendered":"https:\/\/www.europesays.com\/fr\/634696\/"},"modified":"2026-01-01T18:27:14","modified_gmt":"2026-01-01T18:27:14","slug":"voitures-brulees-feu-de-balcon-et-policiers-caillasses","status":"publish","type":"post","link":"https:\/\/www.europesays.com\/fr\/634696\/","title":{"rendered":"voitures br\u00fbl\u00e9es, feu de balcon et policiers caillass\u00e9s"},"content":{"rendered":"<p>Ce n\u2019est qu\u2019un indicateur parmi bien d\u2019autres en mati\u00e8re de s\u00e9curit\u00e9, mais le nombre de v\u00e9hicules br\u00fbl\u00e9s pendant la nuit du r\u00e9veillon de Nouvel An \u00e0 Colmar avait progressivement diminu\u00e9 depuis quelques ann\u00e9es\u00a0: une dizaine en 2021-2022, sept en 2022-2023, trois en 2023-2024, et un en 2024-2025. Apr\u00e8s avoir quasiment atteint son niveau le plus bas, ce chiffre a augment\u00e9 dans la nuit de mercredi \u00e0 jeudi avec six voitures br\u00fbl\u00e9es, tout en restant loin du pic d\u2019une quinzaine de v\u00e9hicules en feu observ\u00e9 en 2017-2018.<\/p>\n<p>D\u2019apr\u00e8s nos constatations sur le terrain et diverses sources, les six voitures ont pris feu vers 22\u00a0h rue de Prague, une heure plus tard rue d\u2019Ath\u00e8nes, entre 1\u00a0h et 2\u00a0h rue de Prague, avenue de Rome puis route de Wintzenheim, et enfin vers 2\u00a0h\u00a030 rue de Hyde. Vers 4\u00a0h\u00a030 du matin, une douzaine de poubelles avaient br\u00fbl\u00e9, essentiellement dans les quartiers ouest.<\/p>\n<p>  Une polici\u00e8re touch\u00e9e mais pas bless\u00e9e<\/p>\n<p>Vers 0\u00a0h\u00a030, les pompiers ont d\u00fb \u00e9teindre un balcon ayant pris feu en raison d\u2019un feu d\u2019artifice, au premier \u00e9tage d\u2019une tour au num\u00e9ro\u00a05 de la rue de Sint-Niklaas \u00e0 Colmar. Personne n\u2019a \u00e9t\u00e9 intoxiqu\u00e9, mais les policiers ont \u00e9t\u00e9 vis\u00e9s par des jets de mortiers d\u2019artifice. Ils venaient d\u00e9j\u00e0 d\u2019essuyer des jets de projectiles similaires dans la rue d\u2019Amsterdam, o\u00f9 les pompiers devaient \u00e9teindre un feu de poubelle, et ont d\u00fb faire usage de gaz lacrymog\u00e8ne.<\/p>\n<p>Entre 0\u00a0h\u00a030 et 1\u00a0h\u00a030 environ dans la rue de Sigolsheim, les policiers ont \u00e9t\u00e9 plusieurs fois la cible de divers projectiles\u00a0: mortiers, pav\u00e9s, bouteilles en verre,\u00a0etc. Ils ont de nouveau projet\u00e9 des grenades lacrymog\u00e8nes. Un homme d\u2019une vingtaine d\u2019ann\u00e9es a \u00e9t\u00e9 interpell\u00e9 pour participation \u00e0 un attroupement arm\u00e9.<\/p>\n<p>Au cours de ces diff\u00e9rents affrontements, une fonctionnaire de police a \u00e9t\u00e9 touch\u00e9e par des projectiles, mais pas bless\u00e9e. L\u2019un des v\u00e9hicules des forces de l\u2019ordre a eu un phare cass\u00e9.<\/p>\n<p>  Violente collision et d\u00e9pistage positif<\/p>\n<p>Apr\u00e8s ces violences urbaines, vers 4\u00a0h du matin, une voiture a percut\u00e9 un mur dans la rue Golb\u00e9ry au centre de Colmar\u00a0: un accident sans gravit\u00e9 particuli\u00e8re apparente &#8211; y compris pour l\u2019enfant de huit ans qui se trouvait \u00e0 bord &#8211; malgr\u00e9 la violence du choc. Le conducteur a \u00e9t\u00e9 soumis \u00e0 un d\u00e9pistage d\u2019alcool qui s\u2019est r\u00e9v\u00e9l\u00e9 positif, un r\u00e9sultat devant \u00eatre confirm\u00e9 \u2013 ou infirm\u00e9 \u2013 par des analyses compl\u00e9mentaires.<\/p>\n<p>  Une quarantaine de policiers nationaux\u00a0et sept municipaux<\/p>\n<p>Une quarantaine de policiers nationaux \u2013 28 de Colmar et 13 de Mulhouse \u2013 ont \u00e9t\u00e9 mobilis\u00e9s pendant la nuit, ainsi que sept de la police municipale. En cas de besoin, ils pouvaient recevoir le renfort d\u2019autres policiers mulhousiens, de gendarmes mobiles et de la compagnie de Colmar.<\/p>\n<p>Ainsi que l\u2019appui d\u2019un pilote de drone et d\u2019un \u00e9quipage de l\u2019h\u00e9licopt\u00e8re de la gendarmerie, ce qui n\u2019a pas \u00e9t\u00e9 n\u00e9cessaire.<\/p>\n","protected":false},"excerpt":{"rendered":"Ce n\u2019est qu\u2019un indicateur parmi bien d\u2019autres en mati\u00e8re de s\u00e9curit\u00e9, mais le nombre de v\u00e9hicules br\u00fbl\u00e9s pendant&hellip;\n","protected":false},"author":2,"featured_media":634697,"comment_status":"","ping_status":"","sticky":false,"template":"","format":"standard","meta":{"footnotes":""},"categories":[2],"tags":[119,11,2389,5065,271,272,2413,274,107,1011,27,1310,12,14851],"class_list":{"0":"post-634696","1":"post","2":"type-post","3":"status-publish","4":"format-standard","5":"has-post-thumbnail","7":"category-actualites","8":"tag-accident","9":"tag-actualites","10":"tag-alsace","11":"tag-colmar","12":"tag-crime","13":"tag-delit-et-contravention","14":"tag-edition-colmar-guebwiller","15":"tag-faits-divers-justice","16":"tag-fil-info","17":"tag-fr","18":"tag-france","19":"tag-incendie","20":"tag-news","21":"tag-secteur-de-colmar"},"share_on_mastodon":{"url":"https:\/\/pubeurope.com\/@fr\/115821257830720789","error":""},"_links":{"self":[{"href":"https:\/\/www.europesays.com\/fr\/wp-json\/wp\/v2\/posts\/634696","targetHints":{"allow":["GET"]}}],"collection":[{"href":"https:\/\/www.europesays.com\/fr\/wp-json\/wp\/v2\/posts"}],"about":[{"href":"https:\/\/www.europesays.com\/fr\/wp-json\/wp\/v2\/types\/post"}],"author":[{"embeddable":true,"href":"https:\/\/www.europesays.com\/fr\/wp-json\/wp\/v2\/users\/2"}],"replies":[{"embeddable":true,"href":"https:\/\/www.europesays.com\/fr\/wp-json\/wp\/v2\/comments?post=634696"}],"version-history":[{"count":0,"href":"https:\/\/www.europesays.com\/fr\/wp-json\/wp\/v2\/posts\/634696\/revisions"}],"wp:featuredmedia":[{"embeddable":true,"href":"https:\/\/www.europesays.com\/fr\/wp-json\/wp\/v2\/media\/634697"}],"wp:attachment":[{"href":"https:\/\/www.europesays.com\/fr\/wp-json\/wp\/v2\/media?parent=634696"}],"wp:term":[{"taxonomy":"category","embeddable":true,"href":"https:\/\/www.europesays.com\/fr\/wp-json\/wp\/v2\/categories?post=634696"},{"taxonomy":"post_tag","embeddable":true,"href":"https:\/\/www.europesays.com\/fr\/wp-json\/wp\/v2\/tags?post=634696"}],"curies":[{"name":"wp","href":"https:\/\/api.w.org\/{rel}","templated":true}]}}