{"id":634710,"date":"2026-01-01T18:39:09","date_gmt":"2026-01-01T18:39:09","guid":{"rendered":"https:\/\/www.europesays.com\/fr\/634710\/"},"modified":"2026-01-01T18:39:09","modified_gmt":"2026-01-01T18:39:09","slug":"expo-rococo-nature-hivernale-promenades-en-ville-voici-des-activites-gratuites-a-faire-a-rouen","status":"publish","type":"post","link":"https:\/\/www.europesays.com\/fr\/634710\/","title":{"rendered":"Expo rococo, nature hivernale, promenades en ville&#8230; Voici des activit\u00e9s gratuites \u00e0 faire \u00e0 Rouen"},"content":{"rendered":"<p>                    Par<br \/>\n        <strong><br \/>\n            <a href=\"https:\/\/actu.fr\/auteur\/fmass\" title=\"Consulter tous les articles de Fabien Massin\" target=\"_blank\" rel=\"noopener\">Fabien Massin<\/a><br \/>\n                    <\/strong><\/p>\n<p>        Publi\u00e9 le<\/p>\n<p>            1 janv. 2026 \u00e0 17h33        <\/p>\n<p>Encore quelques jours de vacances scolaires, vous \u00eates peut-\u00eatre en famille, ou bien vous allez vous retrouver entre amis en ces <strong>premiers jours de l\u2019ann\u00e9e 2026<\/strong>. Voici quelques id\u00e9es d\u2019activit\u00e9s gratuites pour bien s\u2019occuper \u00e0 <a href=\"https:\/\/actu.fr\/normandie\/rouen_76540\" target=\"_blank\" rel=\"noopener\">Rouen (Seine-Maritime)<\/a>.<\/p>\n<p>Rejoindre les Hauts de Rouen par un chemin m\u00e9connu<\/p>\n<p class=\" wall-content\">Destination les<a href=\"https:\/\/actu.fr\/tag\/hauts-de-rouen\" target=\"_blank\" rel=\"noopener\"> Hauts de Rouen<\/a> \u00e0 v\u00e9lo, et \u00ab\u2009sans peine\u2009\u00bb, nous est-il promis. Dans cet esprit, la Ville a balis\u00e9 un parcours allant du centre-ville aux Hauts de Rouen, via une s\u00e9rie de panneaux directionnels. \u00ab\u2009Sans peine\u2009\u00bb\u2009? Il est vrai qu\u2019en passant par la route de Neufch\u00e2tel ou par la c\u00f4te du monumental (avenue Georges-M\u00e9tayer), la pente est raide. Alors pour rejoindre les quartiers du <strong>Ch\u00e2telet, Grand\u2019Mare, Lombardie ou des Sapins<\/strong>, un parcours alternatif (et m\u00e9connu) d\u2019environ une demi-heure est propos\u00e9, par la route des Moulins et le quartier Grieu. <a href=\"https:\/\/actu.fr\/normandie\/rouen_76540\/j-ai-teste-pour-vous-le-parcours-velo-entre-le-centre-ville-et-les-hauts-de-rouen_63523804.html\" target=\"_blank\" rel=\"noopener\">On l\u2019a test\u00e9 pour vous<\/a>.<\/p>\n<p>D\u00e9couvrir le style rococo<\/p>\n<p class=\" wall-content\">Le nouveau cycle d\u2019expositions gratuites des mus\u00e9es de la RMM (r\u00e9union des mus\u00e9es m\u00e9tropolitains) s\u2019intitule <a href=\"https:\/\/actu.fr\/normandie\/rouen_76540\/le-dessin-dans-tous-ses-etats-decouvrez-les-cinq-nouvelles-expositions-gratuites-dans-les-musees-de-rouen_63538392.html\" target=\"_blank\" rel=\"noopener\">\u00ab\u2009Le dessin \u00e0 \u0153uvre\u2009\u00bb<\/a>. Parmi elles, il y a <strong>\u00ab\u2009Jamais trop rococo\u2009!\u2009\u00bb<\/strong>, \u00e0 d\u00e9couvrir au Mus\u00e9e des beaux-arts. L\u2019expo met en avant des richesses m\u00e9connues sorties des r\u00e9serves des mus\u00e9es rouennais, repr\u00e9sentant cette p\u00e9riode \u00e9tonnante de l\u2019histoire de l\u2019art<strong> \u2014 un genre exub\u00e9rant, fantasque, raffin\u00e9 \u2014<\/strong> au milieu du XVIIIe\u00a0si\u00e8cle. \u00ab\u2009Jamais trop rococo\u2009!\u2009\u00bb explore l\u2019univers des ornemanistes, ces inventeurs de formes dont les dessins inspiraient \u00e9b\u00e9nistes, fa\u00efenciers, sculpteurs ou bronziers \u00e0 travers toute l\u2019Europe.<\/p>\n<blockquote class=\"ac-article-quote wall-content\">\n<p>Gr\u00e2ce \u00e0 pr\u00e8s de deux cents dessins, gravures et objets, l\u2019exposition montre comment ce style foisonnant a marqu\u00e9 les arts d\u00e9coratifs\u2009:\u00a0coquilles, volutes, motifs v\u00e9g\u00e9taux et chinoiseries\u00a0envahissent les int\u00e9rieurs et nourrissent l\u2019imagination des artistes.<\/p>\n<p>    <strong>La RMM<\/strong>\n            <\/p><\/blockquote>\n<p class=\" wall-content\">\u00c0 noter \u00e9galement<strong>\u00a0tout l\u2019effort fait pour adapter l\u2019exposition aux <\/strong><a href=\"https:\/\/actu.fr\/tag\/enfants\" target=\"_blank\" rel=\"noopener\">enfants<\/a>. Des panneaux explicatifs \u00e0 leur hauteur sont dispos\u00e9s tout au long de l\u2019exposition, et un espace leur est d\u00e9di\u00e9, avec coussins pour s\u2019asseoir, livres \u00e0 consulter, dessins et feuilles pour s\u2019initier \u00e0 l\u2019art rocaille, choses \u00e0 toucher et d\u2019autres \u00e0 sentir, le tout, en \u00e9coutant la musique de Rameau.<\/p>\n<p>Marcher dans la For\u00eat monumentale en plein hiver<\/p>\n<p class=\" wall-content\">Apr\u00e8s une premi\u00e8re \u00e9dition dans la for\u00eat Verte, les nouvelles \u0153uvres g\u00e9antes ont pris place <a href=\"https:\/\/actu.fr\/normandie\/canteleu_76157\/en-images-decouvrez-les-spectaculaires-oeuvres-geantes-de-foret-monumentale-a-canteleu_61271283.html\" target=\"_blank\" rel=\"noopener\">dans la for\u00eat de Roumare \u00e0 Canteleu<\/a>. Au fil de la promenade, on croise une horde de sangliers, une cath\u00e9drale de bois, un gland g\u00e9ant creux\u2026 Le parcours de 4 kilom\u00e8tres est accessible en transports en commun (ligne de bus 35, arr\u00eat Piscine Aqualoup et T3 arr\u00eat Jean-Jaur\u00e8s \u2013 H\u00f4tel de Ville).<\/p>\n<p>Vid\u00e9os : en ce moment sur ActuFl\u00e2ner dans\u2026 les cimeti\u00e8res<\/p>\n<p class=\" wall-content\">En ce d\u00e9but d\u2019ann\u00e9e et malgr\u00e9 le froid, pourquoi ne pas visiter les cimeti\u00e8res\u2009? Cela peut para\u00eetre \u00e9trange, mais c\u2019est une fa\u00e7on de d\u00e9couvrir un autre visage de la ville. <a href=\"https:\/\/actu.fr\/normandie\/rouen_76540\/histoire-visite-voici-tout-ce-qu-il-faut-savoir-sur-l-aitre-saint-maclou-a-rouen_57425273.html\" target=\"_blank\" rel=\"noopener\">L\u2019a\u00eetre Saint-Maclou<\/a> (ancien charnier et ossuaire du Moyen-\u00c2ge), le <a href=\"https:\/\/actu.fr\/normandie\/rouen_76540\/mais-d-ou-vient-le-nom-du-cimetiere-monumental-a-rouen_62185415.html\" target=\"_blank\" rel=\"noopener\">cimeti\u00e8re monumental<\/a> et le <a href=\"https:\/\/actu.fr\/normandie\/rouen_76540\/pourquoi-trouve-t-on-le-plus-grand-cimetiere-militaire-britannique-de-france-rive-gauche-a-rouen_63276588.html\" target=\"_blank\" rel=\"noopener\">cimeti\u00e8re militaire britannique Saint-Sever<\/a> sont de v\u00e9ritables lieux d\u2019histoire et de m\u00e9moire.<\/p>\n<p>Partir sur les traces de Gustave Flaubert<\/p>\n<p class=\" wall-content\"><strong>Gustave Flaubert (1821-1880)<\/strong> est n\u00e9 \u00e0 Rouen il y a un peu plus de 200\u00a0ans. Il y a pass\u00e9 tout une partie de sa vie et \u00e9crit presque toute son \u0153uvre (du moins celle publi\u00e9e). Aujourd\u2019hui, o\u00f9 en retrouver la trace dans la capitale normande\u2009? <a href=\"https:\/\/actu.fr\/normandie\/rouen_76540\/rouen-flaubert-aurait-eu-200-ans-quels-sont-les-lieux-emblematiques-qui-lui-sont-rattaches_47121498.html\" target=\"_blank\" rel=\"noopener\">Voici une petite promenade flaubertienne<\/a>.<\/p>\n<p>Votre r\u00e9gion, votre actu !<\/p>\n<p>Recevez chaque jour les infos qui comptent pour vous.<\/p>\n<p>\t<a href=\"https:\/\/actu.fr\/newsletter\" class=\"ac-btn ac-btn--corner ac-btn--medium ac-btn--blue800\" target=\"_blank\" rel=\"noopener\">S&rsquo;incrire<\/a><br \/>\nSuivez l\u2019actualit\u00e9 de Rouen sur notre <a href=\"https:\/\/www.whatsapp.com\/channel\/0029VaKfnf99hXF2ddApFB1D\" target=\"_blank\" rel=\"noopener\">cha\u00eene WhatsApp<\/a> et sur notre <a href=\"https:\/\/www.tiktok.com\/@76actu.fr?lang=fr\" target=\"_blank\" rel=\"noopener\">compte TikTok<\/a><\/p>\n<p class=\" wall-content\">Personnalisez votre actualit\u00e9 en ajoutant vos villes et m\u00e9dias en favori avec <a href=\"https:\/\/moncompte.actu.fr\" title=\"D\u00e9couvez Mon Actu\" rel=\"nofollow noopener\" data-trk=\"{&quot;cta&quot;:{&quot;action&quot;:&quot;https:\\\/\\\/moncompte.actu.fr&quot;,&quot;category&quot;:&quot;mon compte&quot;,&quot;from&quot;:&quot;article footer&quot;,&quot;name&quot;:&quot;Mon actu&quot;,&quot;type&quot;:&quot;cta&quot;}}\" target=\"_blank\">Mon Actu<\/a>.<\/p>\n<p>                    <script async src=\"\/\/www.tiktok.com\/embed.js\"><\/script><\/p>\n","protected":false},"excerpt":{"rendered":"Par Fabien Massin Publi\u00e9 le 1 janv. 2026 \u00e0 17h33 Encore quelques jours de vacances scolaires, vous \u00eates&hellip;\n","protected":false},"author":2,"featured_media":634711,"comment_status":"","ping_status":"","sticky":false,"template":"","format":"standard","meta":{"footnotes":""},"categories":[9587],"tags":[1111,11,1719,1777,674,1011,27,12028,1652,12,5161,25,9590,208],"class_list":{"0":"post-634710","1":"post","2":"type-post","3":"status-publish","4":"format-standard","5":"has-post-thumbnail","7":"category-rouen","8":"tag-actu","9":"tag-actualites","10":"tag-enfants","11":"tag-eu","12":"tag-europe","13":"tag-fr","14":"tag-france","15":"tag-hauts-de-rouen","16":"tag-loisirs-culture","17":"tag-news","18":"tag-normandie","19":"tag-republique-francaise","20":"tag-rouen","21":"tag-velo"},"share_on_mastodon":{"url":"https:\/\/pubeurope.com\/@fr\/115821305033258469","error":""},"_links":{"self":[{"href":"https:\/\/www.europesays.com\/fr\/wp-json\/wp\/v2\/posts\/634710","targetHints":{"allow":["GET"]}}],"collection":[{"href":"https:\/\/www.europesays.com\/fr\/wp-json\/wp\/v2\/posts"}],"about":[{"href":"https:\/\/www.europesays.com\/fr\/wp-json\/wp\/v2\/types\/post"}],"author":[{"embeddable":true,"href":"https:\/\/www.europesays.com\/fr\/wp-json\/wp\/v2\/users\/2"}],"replies":[{"embeddable":true,"href":"https:\/\/www.europesays.com\/fr\/wp-json\/wp\/v2\/comments?post=634710"}],"version-history":[{"count":0,"href":"https:\/\/www.europesays.com\/fr\/wp-json\/wp\/v2\/posts\/634710\/revisions"}],"wp:featuredmedia":[{"embeddable":true,"href":"https:\/\/www.europesays.com\/fr\/wp-json\/wp\/v2\/media\/634711"}],"wp:attachment":[{"href":"https:\/\/www.europesays.com\/fr\/wp-json\/wp\/v2\/media?parent=634710"}],"wp:term":[{"taxonomy":"category","embeddable":true,"href":"https:\/\/www.europesays.com\/fr\/wp-json\/wp\/v2\/categories?post=634710"},{"taxonomy":"post_tag","embeddable":true,"href":"https:\/\/www.europesays.com\/fr\/wp-json\/wp\/v2\/tags?post=634710"}],"curies":[{"name":"wp","href":"https:\/\/api.w.org\/{rel}","templated":true}]}}