{"id":634714,"date":"2026-01-01T18:48:12","date_gmt":"2026-01-01T18:48:12","guid":{"rendered":"https:\/\/www.europesays.com\/fr\/634714\/"},"modified":"2026-01-01T18:48:12","modified_gmt":"2026-01-01T18:48:12","slug":"ces-actualites-ont-marque-la-deuxieme-moitie-de-2025","status":"publish","type":"post","link":"https:\/\/www.europesays.com\/fr\/634714\/","title":{"rendered":"ces actualit\u00e9s ont marqu\u00e9\u00a0la deuxi\u00e8me moiti\u00e9 de 2025"},"content":{"rendered":"<p>                            JUILLET<\/p>\n<p><strong>Le 1er.<\/strong> Le plan d\u2019eau de Gambsheim doit fermer en raison d\u2019une contamination bact\u00e9riologique d\u00e9couverte lors d\u2019analyses r\u00e9alis\u00e9es auparavant. <a href=\"https:\/\/www.dna.fr\/culture-loisirs\/2025\/07\/11\/apres-de-nouvelles-analyses-la-baignade-est-de-nouveau-autorisee-au-plan-d-eau\" target=\"_blank\" rel=\"noopener\">Le site a pu rouvrir<\/a> le 10\u00a0juillet apr\u00e8s deux jours de fermeture.<\/p>\n<p><strong>Les 5 et 6.<\/strong> L\u2019hippodrome de Strasbourg-Hoerdt accueille le <a href=\"https:\/\/www.dna.fr\/culture-loisirs\/2025\/06\/25\/championnat-du-monde-de-teckels-les-5-et-6-juillet-a-l-hippodrome\" target=\"_blank\" rel=\"noopener\">championnat national et mondial de teckels<\/a>. Une premi\u00e8re en Alsace, et m\u00eame en France, qui a mis en concurrence des centaines de chiens \u00ab\u00a0saucisses\u00a0\u00bb.<\/p>\n<p><strong>Le 17.<\/strong> La Ferme du Haut-Village, \u00e0 Woellenheim, <a href=\"https:\/\/www.dna.fr\/economie\/2025\/07\/17\/la-ministre-agnes-pannier-runacher-visite-un-site-de-methanisation-pour-promouvoir-les-investissements-verts-de-l-etat\" target=\"_blank\" rel=\"noopener\">re\u00e7oit Agn\u00e8s Pannier-Runacher<\/a>, en visite dans le Bas-Rhin pour mettre en valeur les projets d\u2019investissement des collectivit\u00e9s soutenus par l\u2019\u00c9tat via l\u2019Ademe (*). La ministre de la Transition \u00e9cologique a d\u00e9couvert l\u2019unit\u00e9 de m\u00e9thanisation M\u00e9thachrist qui convertit les d\u00e9chets en \u00e9nergie verte depuis 2016.<\/p>\n<p><strong>Le 29.<\/strong> Une <a href=\"https:\/\/www.dna.fr\/sante\/2025\/07\/29\/operation-de-demoustication-a-strasbourg-et-truchtersheim-apres-la-decouverte-d-un-cas-de-zika\" target=\"_blank\" rel=\"noopener\">op&amp;&#8230;<\/a><\/p>\n","protected":false},"excerpt":{"rendered":"JUILLET Le 1er. Le plan d\u2019eau de Gambsheim doit fermer en raison d\u2019une contamination bact\u00e9riologique d\u00e9couverte lors d\u2019analyses&hellip;\n","protected":false},"author":2,"featured_media":634715,"comment_status":"","ping_status":"","sticky":false,"template":"","format":"standard","meta":{"footnotes":""},"categories":[2820],"tags":[1111,11,7768,2880,1777,674,274,107,1011,27,775,1757,12,2661,25,7769,104,640],"class_list":{"0":"post-634714","1":"post","2":"type-post","3":"status-publish","4":"format-standard","5":"has-post-thumbnail","7":"category-strasbourg","8":"tag-actu","9":"tag-actualites","10":"tag-brumath","11":"tag-edition-strasbourg","12":"tag-eu","13":"tag-europe","14":"tag-faits-divers-justice","15":"tag-fil-info","16":"tag-fr","17":"tag-france","18":"tag-grand-est","19":"tag-insolite","20":"tag-news","21":"tag-patrimoine-culturel","22":"tag-republique-francaise","23":"tag-secteur-de-brumath","24":"tag-societe","25":"tag-strasbourg"},"share_on_mastodon":{"url":"https:\/\/pubeurope.com\/@fr\/115821340568270614","error":""},"_links":{"self":[{"href":"https:\/\/www.europesays.com\/fr\/wp-json\/wp\/v2\/posts\/634714","targetHints":{"allow":["GET"]}}],"collection":[{"href":"https:\/\/www.europesays.com\/fr\/wp-json\/wp\/v2\/posts"}],"about":[{"href":"https:\/\/www.europesays.com\/fr\/wp-json\/wp\/v2\/types\/post"}],"author":[{"embeddable":true,"href":"https:\/\/www.europesays.com\/fr\/wp-json\/wp\/v2\/users\/2"}],"replies":[{"embeddable":true,"href":"https:\/\/www.europesays.com\/fr\/wp-json\/wp\/v2\/comments?post=634714"}],"version-history":[{"count":0,"href":"https:\/\/www.europesays.com\/fr\/wp-json\/wp\/v2\/posts\/634714\/revisions"}],"wp:featuredmedia":[{"embeddable":true,"href":"https:\/\/www.europesays.com\/fr\/wp-json\/wp\/v2\/media\/634715"}],"wp:attachment":[{"href":"https:\/\/www.europesays.com\/fr\/wp-json\/wp\/v2\/media?parent=634714"}],"wp:term":[{"taxonomy":"category","embeddable":true,"href":"https:\/\/www.europesays.com\/fr\/wp-json\/wp\/v2\/categories?post=634714"},{"taxonomy":"post_tag","embeddable":true,"href":"https:\/\/www.europesays.com\/fr\/wp-json\/wp\/v2\/tags?post=634714"}],"curies":[{"name":"wp","href":"https:\/\/api.w.org\/{rel}","templated":true}]}}