{"id":634727,"date":"2026-01-01T18:58:11","date_gmt":"2026-01-01T18:58:11","guid":{"rendered":"https:\/\/www.europesays.com\/fr\/634727\/"},"modified":"2026-01-01T18:58:11","modified_gmt":"2026-01-01T18:58:11","slug":"les-ultras-nicois-feront-leur-retour-au-stade-face-a-toulouse-france-ogc-nice","status":"publish","type":"post","link":"https:\/\/www.europesays.com\/fr\/634727\/","title":{"rendered":"Les ultras ni\u00e7ois feront leur retour au stade face \u00e0 Toulouse &#8211; France &#8211; OGC Nice"},"content":{"rendered":"<p>D\u2019o\u00f9 l\u2019importance de prendre des bonnes r\u00e9solutions en d\u00e9but d\u2019ann\u00e9e.<\/p>\n<p>Alors que de nombreux changements ont eu lieu du c\u00f4t\u00e9 de l\u2019OGC Nice en cette fin d\u2019ann\u00e9e avec <a target=\"_blank\" href=\"https:\/\/www.sofoot.com\/breves\/ligue-1-fabrice-bocquet-nest-plus-le-president-de-logc-nice-le-duo-rivere-cohen-fait-son-retour\" rel=\"noopener\">le retour du duo Riv\u00e8re-Cohen<\/a> \u00e0 la pr\u00e9sidence du club et<a target=\"_blank\" href=\"https:\/\/www.sofoot.com\/breves\/claude-puel-remplace-officiellement-franck-haise-sur-le-banc-de-nice\" rel=\"noopener\"> l\u2019arriv\u00e9e sur le banc de Claude Puel<\/a> \u00e0 la place de Franck Haise,<strong> les ultras ni\u00e7ois ont annonc\u00e9 via un communiqu\u00e9 leur retour au stade le 17 janvier prochain<\/strong> lors du d\u00e9placement des Ni\u00e7ois \u00e0 Toulouse.<\/p>\n<\/p>\n<p>Une gr\u00e8ve entam\u00e9e le 4 d\u00e9cembre<\/p>\n<p><strong>Depuis le 4 d\u00e9cembre, les ultras ni\u00e7ois avaient d\u00e9sert\u00e9 l\u2019Allianz Riviera ainsi que les parcages<\/strong> lorsque les Aiglons jouaient \u00e0 l\u2019ext\u00e9rieur. En cause, <a target=\"_blank\" href=\"https:\/\/www.sofoot.com\/articles\/crise-sportive-et-violence-des-supporters-une-descente-aux-enfers-de-logc-nice\" rel=\"noopener\">les mauvais r\u00e9sultats sportifs du club<\/a> aussi bien en Ligue 1 qu\u2019en Ligue Europa. Dans leur communiqu\u00e9,<strong> les ultras ont ainsi indiqu\u00e9 qu\u2019ils reviendront \u00e0 l\u2019Allianz Riviera \u00e0 une date ult\u00e9rieure<\/strong>, puisque la tribune Populaire Sud restera ferm\u00e9e ce week-end pour la r\u00e9ception de Strasbourg.<\/p>\n<p>Les supporters ni\u00e7ois justifient leur retour par leur n\u00e9cessit\u00e9 de jouer leur r\u00f4le : \u00ab\u202f Les \u00e9tats d\u2019\u00e2me devront \u00eatre mis de c\u00f4t\u00e9, les exigences sportives \u00e9galement, notre club ne doit pas sombrer, et nous devons jouer notre r\u00f4le.\u202f\u00bb Les Ni\u00e7ois ont \u00e9galement mis en avant le \u00ab\u202fsignal positif\u202f\u00bb\u00a0de l\u2019arriv\u00e9e de Claude Puel : \u00ab\u202fIl semble que le travail commence \u00e0 \u00eatre engag\u00e9, notamment avec l\u2019arriv\u00e9e d\u2019un nouvel entra\u00eeneur. C\u2019est un second signal que nous prenons en compte, mais nous jugerons uniquement sur la dur\u00e9e et sur la coh\u00e9rence du projet sportif et institutionnel.\u202f\u00bb<\/p>\n<p>En attendant de voir la suite de la saison <a target=\"_blank\" href=\"https:\/\/www.sofoot.com\/breves\/mercato-elye-wahi-de-retour-en-ligue-1-avec-un-pret-a-nice-depuis-leintracht-francfort\" rel=\"noopener\">apr\u00e8s l\u2019arriv\u00e9e d\u2019Elye Wahi<\/a>.<\/p>\n<p>\t\t\t\t\t\t\t\t\t\t<a class=\"lien-connexe\" href=\"https:\/\/www.sofoot.com\/articles\/divock-origi-bouna-sarr-dimitri-payet-arkadiusz-milik-hatem-ben-arfa-les-disparus-du-football-a-relancer-en-2026\" target=\"_blank\" rel=\"noopener\">Les joueurs perdus de vue \u00e0 relancer en 2026<\/a>\t\t\t\t\t<\/p>\n","protected":false},"excerpt":{"rendered":"D\u2019o\u00f9 l\u2019importance de prendre des bonnes r\u00e9solutions en d\u00e9but d\u2019ann\u00e9e. Alors que de nombreux changements ont eu lieu&hellip;\n","protected":false},"author":2,"featured_media":634728,"comment_status":"","ping_status":"","sticky":false,"template":"","format":"standard","meta":{"footnotes":""},"categories":[2816],"tags":[1111,47,11,61,69,65,64,1777,674,63,1011,27,68,66,12,62,2680,70,25,67,2312],"class_list":{"0":"post-634727","1":"post","2":"type-post","3":"status-publish","4":"format-standard","5":"has-post-thumbnail","7":"category-toulouse","8":"tag-actu","9":"tag-actualite","10":"tag-actualites","11":"tag-actus-football","12":"tag-bundesliga","13":"tag-championnats-europeens","14":"tag-equipe-de-france","15":"tag-eu","16":"tag-europe","17":"tag-football","18":"tag-fr","19":"tag-france","20":"tag-ligua","21":"tag-ligue-1","22":"tag-news","23":"tag-news-foot","24":"tag-occitanie","25":"tag-premier-league","26":"tag-republique-francaise","27":"tag-serie-a","28":"tag-toulouse"},"share_on_mastodon":{"url":"https:\/\/pubeurope.com\/@fr\/115821379868502231","error":""},"_links":{"self":[{"href":"https:\/\/www.europesays.com\/fr\/wp-json\/wp\/v2\/posts\/634727","targetHints":{"allow":["GET"]}}],"collection":[{"href":"https:\/\/www.europesays.com\/fr\/wp-json\/wp\/v2\/posts"}],"about":[{"href":"https:\/\/www.europesays.com\/fr\/wp-json\/wp\/v2\/types\/post"}],"author":[{"embeddable":true,"href":"https:\/\/www.europesays.com\/fr\/wp-json\/wp\/v2\/users\/2"}],"replies":[{"embeddable":true,"href":"https:\/\/www.europesays.com\/fr\/wp-json\/wp\/v2\/comments?post=634727"}],"version-history":[{"count":0,"href":"https:\/\/www.europesays.com\/fr\/wp-json\/wp\/v2\/posts\/634727\/revisions"}],"wp:featuredmedia":[{"embeddable":true,"href":"https:\/\/www.europesays.com\/fr\/wp-json\/wp\/v2\/media\/634728"}],"wp:attachment":[{"href":"https:\/\/www.europesays.com\/fr\/wp-json\/wp\/v2\/media?parent=634727"}],"wp:term":[{"taxonomy":"category","embeddable":true,"href":"https:\/\/www.europesays.com\/fr\/wp-json\/wp\/v2\/categories?post=634727"},{"taxonomy":"post_tag","embeddable":true,"href":"https:\/\/www.europesays.com\/fr\/wp-json\/wp\/v2\/tags?post=634727"}],"curies":[{"name":"wp","href":"https:\/\/api.w.org\/{rel}","templated":true}]}}