{"id":634729,"date":"2026-01-01T18:59:09","date_gmt":"2026-01-01T18:59:09","guid":{"rendered":"https:\/\/www.europesays.com\/fr\/634729\/"},"modified":"2026-01-01T18:59:09","modified_gmt":"2026-01-01T18:59:09","slug":"a-lille-des-oeuvres-dart-restaurees-ont-livre-dimpressionnants-secrets-en-2025","status":"publish","type":"post","link":"https:\/\/www.europesays.com\/fr\/634729\/","title":{"rendered":"\u00c0 Lille, des \u0153uvres d\u2019art restaur\u00e9es ont livr\u00e9 d\u2019impressionnants secrets en 2025"},"content":{"rendered":"<p>                    Par<br \/>\n        <strong><br \/>\n            <a href=\"https:\/\/actu.fr\/auteur\/amandine-vachez\" title=\"Consulter tous les articles de Amandine Vachez\" target=\"_blank\" rel=\"noopener\">Amandine Vachez<\/a><br \/>\n                    <\/strong><\/p>\n<p>        Publi\u00e9 le<\/p>\n<p>            1 janv. 2026 \u00e0 18h10        <\/p>\n<p>C\u2019est \u00e0 chaque fois une surprise. Pour les visiteurs, qui (re) d\u00e9couvrent les <b>\u0153uvres d\u2019art<\/b>, mais aussi pour les sp\u00e9cialistes, au cours des chantiers. Plusieurs <b>restaurations<\/b> ont marqu\u00e9 l\u2019ann\u00e9e 2025 au <a href=\"https:\/\/actu.fr\/tag\/palais-des-beaux-arts-de-lille\" target=\"_blank\" rel=\"noopener\">Palais des Beaux-arts<\/a> de <a href=\"https:\/\/actu.fr\/lille\/\" target=\"_blank\" rel=\"noopener\">Lille<\/a> (Nord). Ce que ces<b> ambitieux chantiers <\/b>ont r\u00e9v\u00e9l\u00e9 comme <b>secrets<\/b>.<\/p>\n<p>L\u2019\u00e9rection d\u2019un mulet cach\u00e9e lors d\u2019une restauration<\/p>\n<p class=\" wall-content\">En amont du travail de restauration, minutieux, des \u00e9tudes pr\u00e9cises sont faites sur les \u0153uvres concern\u00e9es. Par exemple, certaines poteries tr\u00e8s anciennes sont pass\u00e9es au scanner du CHU de Lille. Les <a href=\"https:\/\/actu.fr\/hauts-de-france\/lille_59350\/lille-pourquoi-ces-oeuvres-dart-dont-une-amphore-antique-ont-ete-passees-au-scanner-du-chu_62427354.html\" target=\"_blank\" rel=\"noopener\">images sont d\u2019ailleurs montr\u00e9es en salle d\u2019exposition depuis mars dernier<\/a>.<\/p>\n<p class=\" wall-content\">Cet examen a r\u00e9v\u00e9l\u00e9 de nombreux secrets sur l\u2019histoire des pi\u00e8ces. Sur une amphore, on voit l\u2019impact pr\u00e9cis d\u2019une chute, et les \u00e9l\u00e9ments ajout\u00e9s a posteriori. Une anse a aussi \u00e9t\u00e9 ajout\u00e9e \u00e0 une coupe, et des dessins ont parfois \u00e9t\u00e9 modifi\u00e9s. Sur une coupe, \u00ab\u2009Dionysos chevauche un mulet en \u00e9rection. Ce dernier d\u00e9tail a \u00e9t\u00e9 cach\u00e9, \u2018en tout cas pas restitu\u00e9 \u00e0 la restauration\u2019\u00bb, indique Fr\u00e9d\u00e9ric Mougenot, charg\u00e9 des collections antiques.<\/p>\n<p>De la cire utilis\u00e9e sur un immense tableau de Puvis de Chavannes<\/p>\n<p class=\" wall-content\">Ce chantier a marqu\u00e9 les restauratrices qui ont travaill\u00e9 dessus, mais aussi les visiteurs, puisqu\u2019<a href=\"https:\/\/actu.fr\/hauts-de-france\/lille_59350\/lille-des-restauratrices-travaillent-sur-un-tableau-monumental-devant-vos-yeux-au-palais-des-beaux-arts_62397447.html\" target=\"_blank\" rel=\"noopener\">il est rest\u00e9 visible<\/a>. En effet, le tableau Le Sommeil, de Puvis de Chavannes, mesurant 3,80 m\u00e8tres par 6\u00a0m\u00e8tres, est rest\u00e9 expos\u00e9 pendant sa restauration. Il n\u2019\u00e9tait pas possible de le transporter dans des ateliers. La peinture, tr\u00e8s moderne pour son \u00e9poque, a r\u00e9v\u00e9l\u00e9 de nombreuses lacunes et des fissures. Et surtout, que le peintre a utilis\u00e9 de la cire. Un \u00e9l\u00e9ment mis en exergue par l\u2019\u00e9tude minutieuse de l\u2019\u0153uvre qui n\u2019avait pas \u00e9t\u00e9 restaur\u00e9e depuis les ann\u00e9es 1990, et qui a eu un impact sur la mani\u00e8re de travailler des sp\u00e9cialistes.<\/p>\n<p>Deux volets d\u2019un retable sci\u00e9s pour \u00eatre expos\u00e9s<\/p>\n<p class=\" wall-content\">Parmi les <a href=\"https:\/\/actu.fr\/hauts-de-france\/lille_59350\/couleurs-details-dans-les-coulisses-des-revelations-du-palais-des-beaux-arts-de-lille_62471256.html\" target=\"_blank\" rel=\"noopener\">\u00ab\u2009r\u00e9v\u00e9lations\u2009\u00bb qu\u2019ont permises les restaurations d\u2019\u0153uvres d\u2019art<\/a> ces derniers mois au Palais des Beaux-arts\u2009: celle autour d\u2019un retable allemand, dont les panneaux ont \u00e9t\u00e9 remis dans la partie consacr\u00e9e au Moyen-\u00c2ge et \u00e0 la Renaissance. Quatre panneaux au total ont \u00e9t\u00e9 restaur\u00e9s, r\u00e9v\u00e9lant une qualit\u00e9 technique impressionnante, sur la couche picturale. Mais surtout, le travail sur ces tableaux a montr\u00e9 que ces retables, dont il manque la caisse centrale, ont \u00e9t\u00e9 sci\u00e9s dans l\u2019\u00e9paisseur pour \u00eatre montr\u00e9s dans leur totalit\u00e9 aux visiteurs. Un choix qui semble aberrant avec les connaissances acquises en 2025, d\u2019autant qu\u2019il a caus\u00e9 une d\u00e9t\u00e9rioration acc\u00e9l\u00e9r\u00e9e du support en bois.<\/p>\n<p>Six repeints qui ont cach\u00e9 la finesse d\u2019une \u00ab\u2009piet\u00e0\u2009\u00bb, retrouv\u00e9e en r\u00e9serve<\/p>\n<p class=\" wall-content\">Elle a \u00e9t\u00e9 <a href=\"https:\/\/actu.fr\/hauts-de-france\/lille_59350\/cette-pieta-sauvee-dun-risque-de-vandalisme-et-dune-beaute-stupefiante-est-a-voir-a-lille_63561727.html\" target=\"_blank\" rel=\"noopener\">sauv\u00e9e d\u2019un danger de vandalisme dans les ann\u00e9es 1980<\/a>. La \u00ab\u2009piet\u00e0\u2009\u00bb de Bouvines a connu une restauration exceptionnelle, avant d\u2019\u00eatre ajout\u00e9e en d\u00e9cembre\u00a02025 aux collections du mus\u00e9e. Si cette sculpture polychrome prend une grande partie de la lumi\u00e8re aujourd\u2019hui, il a fallu un travail titanesque pour la r\u00e9v\u00e9ler. Car elle est tr\u00e8s longtemps rest\u00e9e dans l\u2019\u00e9glise Saint-Pierre, souffrant des affres du temps et dont le support a \u00e9t\u00e9 en partie d\u00e9vor\u00e9 par des insectes xylophages.<\/p>\n<p>Votre r\u00e9gion, votre actu !<\/p>\n<p>Recevez chaque jour les infos qui comptent pour vous.<\/p>\n<p>\t<a href=\"https:\/\/actu.fr\/newsletter\" class=\"ac-btn ac-btn--corner ac-btn--medium ac-btn--blue800\" target=\"_blank\" rel=\"noopener\">S&rsquo;incrire<\/a><\/p>\n<p class=\" wall-content\">Sous six repeints de peinture grossiers, ses couleurs ont \u00e9t\u00e9 cach\u00e9es, ainsi que la finesse des v\u00eatements de la Vierge Marie, ou encore le sang coulant sur la repr\u00e9sentation du Christ mort, dans ses bras. La jambe du Christ a d\u2019ailleurs \u00e9t\u00e9 refaite, et les restauratrices ont fait de nombreux choix difficiles pour respecter \u00e0 la fois l\u2019\u0153uvre originale et son histoire.<\/p>\n<p>De multiples \u00e9tapes compl\u00e8tement invisibles et essentielles<\/p>\n<p class=\" wall-content\">En plus de la restauration de la partie visible de l\u2019\u0153uvre, qui bien souvent se voit \u00e0 l\u2019\u0153il nu, les sp\u00e9cialistes travaillent aussi au renfort des supports. Cela permettre aux \u0153uvres de perdurer dans le meilleur \u00e9tat possible, et aux gardiens de ces chefs-d\u2019oeuvres du pass\u00e9 d\u2019avoir assez d\u2019informations pour assurer leur transport et leur conservation en toute s\u00e9curit\u00e9. Un travail d\u2019expert tr\u00e8s pouss\u00e9 qui, \u00e0 chaque nouvelle \u00e9tape, a de quoi passionner bien au-del\u00e0 des murs du mus\u00e9e\u2009!<\/p>\n<p class=\" wall-content\">Personnalisez votre actualit\u00e9 en ajoutant vos villes et m\u00e9dias en favori avec <a href=\"https:\/\/moncompte.actu.fr\" title=\"D\u00e9couvez Mon Actu\" rel=\"nofollow noopener\" data-trk=\"{&quot;cta&quot;:{&quot;action&quot;:&quot;https:\\\/\\\/moncompte.actu.fr&quot;,&quot;category&quot;:&quot;mon compte&quot;,&quot;from&quot;:&quot;article footer&quot;,&quot;name&quot;:&quot;Mon actu&quot;,&quot;type&quot;:&quot;cta&quot;}}\" target=\"_blank\">Mon Actu<\/a>.<\/p>\n","protected":false},"excerpt":{"rendered":"Par Amandine Vachez Publi\u00e9 le 1 janv. 2026 \u00e0 18h10 C\u2019est \u00e0 chaque fois une surprise. Pour les&hellip;\n","protected":false},"author":2,"featured_media":634730,"comment_status":"","ping_status":"","sticky":false,"template":"","format":"standard","meta":{"footnotes":""},"categories":[2815],"tags":[1111,11,1777,674,1011,27,811,937,1307,1652,12,3368,2551,25],"class_list":{"0":"post-634729","1":"post","2":"type-post","3":"status-publish","4":"format-standard","5":"has-post-thumbnail","7":"category-lille","8":"tag-actu","9":"tag-actualites","10":"tag-eu","11":"tag-europe","12":"tag-fr","13":"tag-france","14":"tag-hauts-de-france","15":"tag-histoire","16":"tag-lille","17":"tag-loisirs-culture","18":"tag-news","19":"tag-palais-des-beaux-arts-de-lille","20":"tag-patrimoine","21":"tag-republique-francaise"},"share_on_mastodon":{"url":"https:\/\/pubeurope.com\/@fr\/115821384149574770","error":""},"_links":{"self":[{"href":"https:\/\/www.europesays.com\/fr\/wp-json\/wp\/v2\/posts\/634729","targetHints":{"allow":["GET"]}}],"collection":[{"href":"https:\/\/www.europesays.com\/fr\/wp-json\/wp\/v2\/posts"}],"about":[{"href":"https:\/\/www.europesays.com\/fr\/wp-json\/wp\/v2\/types\/post"}],"author":[{"embeddable":true,"href":"https:\/\/www.europesays.com\/fr\/wp-json\/wp\/v2\/users\/2"}],"replies":[{"embeddable":true,"href":"https:\/\/www.europesays.com\/fr\/wp-json\/wp\/v2\/comments?post=634729"}],"version-history":[{"count":0,"href":"https:\/\/www.europesays.com\/fr\/wp-json\/wp\/v2\/posts\/634729\/revisions"}],"wp:featuredmedia":[{"embeddable":true,"href":"https:\/\/www.europesays.com\/fr\/wp-json\/wp\/v2\/media\/634730"}],"wp:attachment":[{"href":"https:\/\/www.europesays.com\/fr\/wp-json\/wp\/v2\/media?parent=634729"}],"wp:term":[{"taxonomy":"category","embeddable":true,"href":"https:\/\/www.europesays.com\/fr\/wp-json\/wp\/v2\/categories?post=634729"},{"taxonomy":"post_tag","embeddable":true,"href":"https:\/\/www.europesays.com\/fr\/wp-json\/wp\/v2\/tags?post=634729"}],"curies":[{"name":"wp","href":"https:\/\/api.w.org\/{rel}","templated":true}]}}