{"id":634733,"date":"2026-01-01T19:01:13","date_gmt":"2026-01-01T19:01:13","guid":{"rendered":"https:\/\/www.europesays.com\/fr\/634733\/"},"modified":"2026-01-01T19:01:13","modified_gmt":"2026-01-01T19:01:13","slug":"la-savine-privee-de-transport-depuis-3-ans-une-petition-est-lancee","status":"publish","type":"post","link":"https:\/\/www.europesays.com\/fr\/634733\/","title":{"rendered":"la Savine priv\u00e9e de transport depuis 3 ans, une p\u00e9tition est lanc\u00e9e"},"content":{"rendered":"<p>Depuis trois ans, les 6\u00a0000 habitants de la Savine (15e) sont <a href=\"https:\/\/www.laprovence.com\/article\/edition-marseille\/4575286\/transports-et-la-nuit-alors.html\" target=\"_blank\" rel=\"noopener\">priv\u00e9s de bus de nuit<\/a>. Fort du succ\u00e8s de leur mobilisation pour le retour d&rsquo;une desserte apr\u00e8s 21\u00a0heures \u00e0 la cit\u00e9 de la Solidarit\u00e9, le collectif des quartiers Nord KGBS (Kalliste, Grani\u00e8re, Bourrely, Solidarit\u00e9) lance une p\u00e9tition pour le r\u00e9tablissement d&rsquo;une ligne de nuit dans la cit\u00e9 enclav\u00e9e de la Savine.<\/p>\n<p>\u00ab\u00a0Cette absence de transport isole le quartier, p\u00e9nalise les travailleurs de nuit, les\u00a0jeunes, les familles et les personnes confront\u00e9es \u00e0 des urgences, et renforce\u00a0une stigmatisation d\u00e9j\u00e0 trop forte\u00a0\u00bb, d\u00e9noncent-ils.<\/p>\n","protected":false},"excerpt":{"rendered":"Depuis trois ans, les 6\u00a0000 habitants de la Savine (15e) sont priv\u00e9s de bus de nuit. Fort du&hellip;\n","protected":false},"author":2,"featured_media":634734,"comment_status":"","ping_status":"","sticky":false,"template":"","format":"standard","meta":{"footnotes":""},"categories":[2814],"tags":[5734,1111,11,7048,394,1777,674,1011,27,884,12,293,14288,882,25,74272,104,2803],"class_list":{"0":"post-634733","1":"post","2":"type-post","3":"status-publish","4":"format-standard","5":"has-post-thumbnail","7":"category-marseille","8":"tag-5734","9":"tag-actu","10":"tag-actualites","11":"tag-bus","12":"tag-depuis","13":"tag-eu","14":"tag-europe","15":"tag-fr","16":"tag-france","17":"tag-marseille","18":"tag-news","19":"tag-nuit","20":"tag-privee","21":"tag-provence-alpes-cote-dazur","22":"tag-republique-francaise","23":"tag-savine","24":"tag-societe","25":"tag-transport"},"share_on_mastodon":{"url":"https:\/\/pubeurope.com\/@fr\/115821391692966104","error":""},"_links":{"self":[{"href":"https:\/\/www.europesays.com\/fr\/wp-json\/wp\/v2\/posts\/634733","targetHints":{"allow":["GET"]}}],"collection":[{"href":"https:\/\/www.europesays.com\/fr\/wp-json\/wp\/v2\/posts"}],"about":[{"href":"https:\/\/www.europesays.com\/fr\/wp-json\/wp\/v2\/types\/post"}],"author":[{"embeddable":true,"href":"https:\/\/www.europesays.com\/fr\/wp-json\/wp\/v2\/users\/2"}],"replies":[{"embeddable":true,"href":"https:\/\/www.europesays.com\/fr\/wp-json\/wp\/v2\/comments?post=634733"}],"version-history":[{"count":0,"href":"https:\/\/www.europesays.com\/fr\/wp-json\/wp\/v2\/posts\/634733\/revisions"}],"wp:featuredmedia":[{"embeddable":true,"href":"https:\/\/www.europesays.com\/fr\/wp-json\/wp\/v2\/media\/634734"}],"wp:attachment":[{"href":"https:\/\/www.europesays.com\/fr\/wp-json\/wp\/v2\/media?parent=634733"}],"wp:term":[{"taxonomy":"category","embeddable":true,"href":"https:\/\/www.europesays.com\/fr\/wp-json\/wp\/v2\/categories?post=634733"},{"taxonomy":"post_tag","embeddable":true,"href":"https:\/\/www.europesays.com\/fr\/wp-json\/wp\/v2\/tags?post=634733"}],"curies":[{"name":"wp","href":"https:\/\/api.w.org\/{rel}","templated":true}]}}