{"id":634737,"date":"2026-01-01T19:03:12","date_gmt":"2026-01-01T19:03:12","guid":{"rendered":"https:\/\/www.europesays.com\/fr\/634737\/"},"modified":"2026-01-01T19:03:12","modified_gmt":"2026-01-01T19:03:12","slug":"place-en-detention-provisoire-le-conducteur-de-20-ans-avait-bien-consomme-du-protoxyde-dazote","status":"publish","type":"post","link":"https:\/\/www.europesays.com\/fr\/634737\/","title":{"rendered":"plac\u00e9 en d\u00e9tention provisoire, le conducteur de 20 ans avait bien consomm\u00e9 du protoxyde d&rsquo;azote"},"content":{"rendered":"<p>Le conducteur \u00e0 l\u2019origine de l\u2019accident mortel survenu dans la nuit du lundi\u00a029 au mardi 30\u00a0d\u00e9cembre sur la M7, \u00e0 hauteur du quartier de la Confluence (Lyon 2e), a \u00e9t\u00e9 pr\u00e9sent\u00e9 ce jeudi 1er\u00a0 janvier 2026 \u00e0 un juge d\u2019instruction. A la\u00a0<a href=\"https:\/\/www.leprogres.fr\/faits-divers-justice\/2025\/12\/31\/accident-mortel-sur-la-m7-a-lyon-garde-a-vue-prolongee-pour-le-jeune-conducteur-mis-en-cause\" target=\"_blank\" rel=\"noopener\">suite de sa garde \u00e0 vue prolong\u00e9e<\/a> , le parquet de Lyon a annonc\u00e9 l\u2019ouverture d\u2019une information judiciaire \u00e0 son encontre.<\/p>\n<p>  Le choc a \u00e9t\u00e9 fatal \u00e0 une passag\u00e8re arri\u00e8re gauche de la Clio<\/p>\n<p>\u00c2g\u00e9 de 20 ans, le jeune homme a \u00e9t\u00e9 mis en examen pour homicide routier aggrav\u00e9 par la mise en danger d\u00e9lib\u00e9r\u00e9e de la vie d\u2019autrui et pour blessures routi\u00e8res aggrav\u00e9es par la m\u00eame circonstance. \u00c0 l\u2019issue du d\u00e9bat devant le juge des libert\u00e9s et de la d\u00e9tention, il a \u00e9t\u00e9 plac\u00e9 en d\u00e9tention provisoire.<\/p>\n<p><a href=\"https:\/\/www.leprogres.fr\/faits-divers-justice\/2025\/12\/30\/accident-mortel-sur-la-m7-du-protoxyde-d-azote-retrouve-dans-le-vehicule-du-mis-en-cause\" target=\"_blank\" rel=\"noopener\">Les faits remontent \u00e0 lundi soir, vers 23\u00a0h\u00a030.<\/a> Au volant d\u2019un Renault Captur, le conducteur circulait \u00e0 vive allure sur l\u2019ex-autoroute A7, d\u00e9class\u00e9e en M7, dans le sens nord-sud, lorsqu\u2019il a percut\u00e9 violemment par l\u2019arri\u00e8re une Renault Clio, \u00e0 hauteur de la sortie La Mulati\u00e8re. Le choc a \u00e9t\u00e9 fatal \u00e0 la passag\u00e8re arri\u00e8re gauche de la Clio, <a href=\"https:\/\/www.leprogres.fr\/faits-divers-justice\/2025\/12\/31\/deces-d-une-mere-de-famille-dans-un-accident-a-lyon-le-village-de-valfleury-sous-le-choc\" target=\"_blank\" rel=\"noopener\">une femme de 48 ans originaire de Valfleury dans la Loire<\/a>. Sa fille, install\u00e9e \u00e0 l\u2019arri\u00e8re droit, a \u00e9t\u00e9 gri\u00e8vement bless\u00e9e, sans que son pronostic vital ne soit engag\u00e9. L\u2019accident a \u00e9galement fait cinq autres bless\u00e9s, plus l\u00e9g\u00e8rement touch\u00e9s.<\/p>\n<p>  Vitesse associ\u00e9e \u00e0 l\u2019usage de protoxyde d\u2019azote<\/p>\n<p>Lors de l\u2019intervention des secours et des forces de l\u2019ordre, plusieurs bouteilles de protoxyde d\u2019azote avaient \u00e9t\u00e9 retrouv\u00e9es dans le v\u00e9hicule du conducteur, o\u00f9 se trouvaient \u00e9galement deux passag\u00e8res.<\/p>\n<p>L\u2019enqu\u00eate a depuis permis d\u2019\u00e9tablir que le jeune homme avait bien fait usage de ce gaz et qu\u2019il conduisait \u00e0 une vitesse manifestement excessive au moment de la collision, selon le parquet de Lyon, sans que la vitesse estim\u00e9e ait \u00e9t\u00e9 communiqu\u00e9e.<\/p>\n<p>Ce drame est intervenu dans un contexte de vigilance renforc\u00e9e sur les routes en cette p\u00e9riode de f\u00eates, notamment concernant <a href=\"https:\/\/www.leprogres.fr\/faits-divers-justice\/2025\/12\/19\/une-plaie-un-fleau-le-protoxyde-d-azote-interdit-a-la-consommation-et-a-la-detention-dans-le-rhone\" target=\"_blank\" rel=\"noopener\">l\u2019usage d\u00e9tourn\u00e9 du protoxyde d\u2019azote<\/a> , interdit dans le Rh\u00f4ne par arr\u00eat\u00e9 pr\u00e9fectoral depuis le 19\u00a0d\u00e9cembre.<\/p>\n","protected":false},"excerpt":{"rendered":"Le conducteur \u00e0 l\u2019origine de l\u2019accident mortel survenu dans la nuit du lundi\u00a029 au mardi 30\u00a0d\u00e9cembre sur la&hellip;\n","protected":false},"author":2,"featured_media":634738,"comment_status":"","ping_status":"","sticky":false,"template":"","format":"standard","meta":{"footnotes":""},"categories":[1889],"tags":[119,1111,11,2430,2757,1777,674,274,107,1011,27,2428,12354,12353,12,25,2429],"class_list":{"0":"post-634737","1":"post","2":"type-post","3":"status-publish","4":"format-standard","5":"has-post-thumbnail","7":"category-lyon","8":"tag-accident","9":"tag-actu","10":"tag-actualites","11":"tag-auvergne-rhone-alpes","12":"tag-edition-lyon-villeurbanne","13":"tag-eu","14":"tag-europe","15":"tag-faits-divers-justice","16":"tag-fil-info","17":"tag-fr","18":"tag-france","19":"tag-lyon","20":"tag-lyon-2e","21":"tag-lyon-2e-arrondissement","22":"tag-news","23":"tag-republique-francaise","24":"tag-rhone"},"share_on_mastodon":{"url":"https:\/\/pubeurope.com\/@fr\/115821399513357333","error":""},"_links":{"self":[{"href":"https:\/\/www.europesays.com\/fr\/wp-json\/wp\/v2\/posts\/634737","targetHints":{"allow":["GET"]}}],"collection":[{"href":"https:\/\/www.europesays.com\/fr\/wp-json\/wp\/v2\/posts"}],"about":[{"href":"https:\/\/www.europesays.com\/fr\/wp-json\/wp\/v2\/types\/post"}],"author":[{"embeddable":true,"href":"https:\/\/www.europesays.com\/fr\/wp-json\/wp\/v2\/users\/2"}],"replies":[{"embeddable":true,"href":"https:\/\/www.europesays.com\/fr\/wp-json\/wp\/v2\/comments?post=634737"}],"version-history":[{"count":0,"href":"https:\/\/www.europesays.com\/fr\/wp-json\/wp\/v2\/posts\/634737\/revisions"}],"wp:featuredmedia":[{"embeddable":true,"href":"https:\/\/www.europesays.com\/fr\/wp-json\/wp\/v2\/media\/634738"}],"wp:attachment":[{"href":"https:\/\/www.europesays.com\/fr\/wp-json\/wp\/v2\/media?parent=634737"}],"wp:term":[{"taxonomy":"category","embeddable":true,"href":"https:\/\/www.europesays.com\/fr\/wp-json\/wp\/v2\/categories?post=634737"},{"taxonomy":"post_tag","embeddable":true,"href":"https:\/\/www.europesays.com\/fr\/wp-json\/wp\/v2\/tags?post=634737"}],"curies":[{"name":"wp","href":"https:\/\/api.w.org\/{rel}","templated":true}]}}