{"id":634757,"date":"2026-01-01T19:14:17","date_gmt":"2026-01-01T19:14:17","guid":{"rendered":"https:\/\/www.europesays.com\/fr\/634757\/"},"modified":"2026-01-01T19:14:17","modified_gmt":"2026-01-01T19:14:17","slug":"a-peine-arrive-au-royaume-uni-le-militant-britannico-egyptien-alaa-abdel-fattah-rattrape-par-danciens-tweets","status":"publish","type":"post","link":"https:\/\/www.europesays.com\/fr\/634757\/","title":{"rendered":"\u00c0 peine arriv\u00e9 au Royaume-Uni, le militant britannico-\u00e9gyptien Alaa Abdel Fattah rattrap\u00e9 par d&rsquo;anciens tweets"},"content":{"rendered":"<p class=\"mb-4 text-lg md:leading-8 break-words\">Avec notre correspondante \u00e0 Londres, <strong>Sara Menai<\/strong><\/p>\n<p class=\"mb-4 text-lg md:leading-8 break-words\">\u00c9crivain et figure embl\u00e9matique du soul\u00e8vement \u00e9gyptien de 2011, opposant aux r\u00e9gimes de<strong> <a href=\"https:\/\/www.rfi.fr\/fr\/tag\/hosni-moubarak\/\" class=\"link \" rel=\"nofollow noopener\" target=\"_blank\" data-ylk=\"slk:Hosni Moubarak;elm:context_link;itc:0;sec:content-canvas\">Hosni Moubarak<\/a> <\/strong>puis d\u2019Abdel Fattah Al-Sissi, Alaa Abdel Fattah, 44 ans, aura pass\u00e9 pr\u00e8s de dix ans en d\u00e9tention. Graci\u00e9 et lib\u00e9r\u00e9 de sa prison du Caire, celui-ci a atterri,\u00a0le 26 d\u00e9cembre, \u00e0 l&rsquo;a\u00e9roport d\u2019Heathrow, pr\u00eat \u00e0 retrouver sa femme et son fils dans le sud de l\u2019Angleterre. Sur X, le Premier ministre<strong> <a href=\"https:\/\/www.rfi.fr\/fr\/tag\/keir-starmer\/\" class=\"link \" rel=\"nofollow noopener\" target=\"_blank\" data-ylk=\"slk:Keir Starmer;elm:context_link;itc:0;sec:content-canvas\">Keir Starmer<\/a> <\/strong>se f\u00e9licitait alors de son retour.<\/p>\n<p class=\"mb-4 text-lg md:leading-8 break-words\">Mais la f\u00eate a tourn\u00e9 court : \u00e0 peine\u00a0Alaa Abdel Fattah a-t-il\u00a0pos\u00e9 le pied sur le sol anglais que le militant britannico-\u00e9gyptien se retrouve aujourd&rsquo;hui rattrap\u00e9 par des tweets qu&rsquo;il a publi\u00e9s il y a plus de dix ans et qui contiennent des propos appelant \u00e0 la violence contre des policiers et des sionistes, une affaire qui, tr\u00e8s vite, a suscit\u00e9 l&rsquo;indignation. Et si Alaa Abdel Fattah s&rsquo;en est excus\u00e9, le mal est fait&#8230;<\/p>\n<p class=\"mb-4 text-lg md:leading-8 break-words\">\u00c0 lire aussi<a href=\"https:\/\/fr.news.yahoo.com\/%C3%A9gypte-pr%C3%A9sident-sissi-gracie-militant-163820682.html\" class=\"link  yahoo-link\" data-ylk=\"slk:\u00c9gypte: le pr\u00e9sident Sissi gracie le militant Alaa Abdel Fattah;elm:context_link;itc:0;sec:content-canvas;outcm:mb_qualified_link;_E:mb_qualified_link;ct:story;\" target=\"_blank\" rel=\"noopener\">\u00c9gypte: le pr\u00e9sident Sissi gracie le militant Alaa Abdel Fattah<\/a><\/p>\n<p>Une enqu\u00eate ouverte contre le militant<\/p>\n<p class=\"mb-4 text-lg md:leading-8 break-words\">\u00c0 droite, plusieurs figures de l\u2019opposition estiment en effet que Downing Street devrait lui retirer sa nationalit\u00e9 britannique et l\u2019expulser du territoire.\u00a0C\u2019est le cas de la cheffe des conservateurs, Kemi Badenoch, et du leader du parti d&rsquo;extr\u00eame droite Reform UK, Nigel Farage, qui ont trouv\u00e9 en la personne d&rsquo;Alaa Abdel Fattah une occasion suppl\u00e9mentaire d\u2019accuser\u00a0de laxisme le Parti travailliste et Keir Starmer.<\/p>\n<p class=\"mb-4 text-lg md:leading-8 break-words\">En r\u00e9ponse \u00e0 ces attaques, la ministre des Affaires \u00e9trang\u00e8res, Yvette Cooper, a annonc\u00e9 l&rsquo;ouverture d&rsquo;une enqu\u00eate sur ce qu&rsquo;elle a qualifi\u00e9 de \u00ab\u00a0graves manquements des autorit\u00e9s\u00a0\u00bb lorsque Fattah a \u00e9t\u00e9 autoris\u00e9 \u00e0 revenir au <strong><a href=\"https:\/\/www.rfi.fr\/fr\/tag\/royaume-uni\/\" class=\"link \" rel=\"nofollow noopener\" target=\"_blank\" data-ylk=\"slk:Royaume-Uni;elm:context_link;itc:0;sec:content-canvas\">Royaume-Uni<\/a>.<\/strong><\/p>\n","protected":false},"excerpt":{"rendered":"Avec notre correspondante \u00e0 Londres, Sara Menai \u00c9crivain et figure embl\u00e9matique du soul\u00e8vement \u00e9gyptien de 2011, opposant aux&hellip;\n","protected":false},"author":2,"featured_media":634758,"comment_status":"","ping_status":"","sticky":false,"template":"","format":"standard","meta":{"footnotes":""},"categories":[1588],"tags":[27827,11,27826,1777,674,74273,50969,2581,12,473,1853,1851,1850,1852],"class_list":{"0":"post-634757","1":"post","2":"type-post","3":"status-publish","4":"format-standard","5":"has-post-thumbnail","7":"category-royaume-uni","8":"tag-abdel-fattah","9":"tag-actualites","10":"tag-alaa-abdel-fattah","11":"tag-eu","12":"tag-europe","13":"tag-fattah","14":"tag-figure-emblematique","15":"tag-keir-starmer","16":"tag-news","17":"tag-royaume-uni","18":"tag-royaume-uni-de-grande-bretagne-et-dirlande-du-nord","19":"tag-uk","20":"tag-united-kingdom","21":"tag-united-kingdom-of-great-britain-and-northern-ireland"},"share_on_mastodon":{"url":"https:\/\/pubeurope.com\/@fr\/115821442748824310","error":""},"_links":{"self":[{"href":"https:\/\/www.europesays.com\/fr\/wp-json\/wp\/v2\/posts\/634757","targetHints":{"allow":["GET"]}}],"collection":[{"href":"https:\/\/www.europesays.com\/fr\/wp-json\/wp\/v2\/posts"}],"about":[{"href":"https:\/\/www.europesays.com\/fr\/wp-json\/wp\/v2\/types\/post"}],"author":[{"embeddable":true,"href":"https:\/\/www.europesays.com\/fr\/wp-json\/wp\/v2\/users\/2"}],"replies":[{"embeddable":true,"href":"https:\/\/www.europesays.com\/fr\/wp-json\/wp\/v2\/comments?post=634757"}],"version-history":[{"count":0,"href":"https:\/\/www.europesays.com\/fr\/wp-json\/wp\/v2\/posts\/634757\/revisions"}],"wp:featuredmedia":[{"embeddable":true,"href":"https:\/\/www.europesays.com\/fr\/wp-json\/wp\/v2\/media\/634758"}],"wp:attachment":[{"href":"https:\/\/www.europesays.com\/fr\/wp-json\/wp\/v2\/media?parent=634757"}],"wp:term":[{"taxonomy":"category","embeddable":true,"href":"https:\/\/www.europesays.com\/fr\/wp-json\/wp\/v2\/categories?post=634757"},{"taxonomy":"post_tag","embeddable":true,"href":"https:\/\/www.europesays.com\/fr\/wp-json\/wp\/v2\/tags?post=634757"}],"curies":[{"name":"wp","href":"https:\/\/api.w.org\/{rel}","templated":true}]}}