{"id":634771,"date":"2026-01-01T19:22:11","date_gmt":"2026-01-01T19:22:11","guid":{"rendered":"https:\/\/www.europesays.com\/fr\/634771\/"},"modified":"2026-01-01T19:22:11","modified_gmt":"2026-01-01T19:22:11","slug":"volley-ball-avant-daller-defier-le-leader-de-ligue-a-mulhouse-samedi-le-vnvb-enregistre-la-defection-daniah-philo-palmer","status":"publish","type":"post","link":"https:\/\/www.europesays.com\/fr\/634771\/","title":{"rendered":"Volley-ball. Avant d\u2019aller d\u00e9fier le leader de Ligue A Mulhouse samedi, le VNVB enregistre la d\u00e9fection d\u2019Aniah Philo Palmer !"},"content":{"rendered":"<p>C\u2019est la p\u00e9riode des r\u00e9solutions, et Aniah Philo Palmer semble avoir d\u00e9cid\u00e9 d\u2019en adopter une pour le moins surprenante !<\/p>\n<p>La r\u00e9ceptionneuse-attaquante am\u00e9ricaine du VNVB a ainsi fait faux bond \u00e0 l\u2019occasion de la reprise de l\u2019entra\u00eenement du VNVB cette semaine, alors que le club vandop\u00e9rien b\u00e9n\u00e9ficiait de quelques jours de coupure apr\u00e8s son dernier match de 2025 \u00e0 Marcq-en-Bar\u0153ul (0-3) le samedi 20 d\u00e9cembre et alors qu\u2019il \u00e9tait exempt <a href=\"https:\/\/www.estrepublicain.fr\/sport\/calendrier-resultats\/volley-ball\/national-pro-ligue-a-feminine\" target=\"_blank\" rel=\"noopener\">lors de la journ\u00e9e de championnat plac\u00e9e entre No\u00ebl et nouvel An<\/a> ce mardi 30 d\u00e9cembre.<\/p>\n<p>La joueuse originaire de Rockwall, au Texas, \u00e2g\u00e9e de 29 ans et <a href=\"https:\/\/www.estrepublicain.fr\/sport\/2025\/11\/21\/sa-foi-son-passe-de-prof-de-maths-et-son-explosion-en-finlande-la-joueuse-du-vnvb-aniah-palmer-en-dit-plus-sur-elle\" target=\"_blank\" rel=\"noopener\">fervente chr\u00e9tienne<\/a> , a \u00e9galement fait place nette dans l\u2019appartement mis \u00e0 disposition par le VNVB. Le club a fait constater cette situation juridiquement et a act\u00e9 le fait qu\u2019il ne pourra pas compter sur une de ses titulaires habituelles samedi lors du choc de Ligue A \u00e0 Mulhouse (20 h), sur le parquet du leader invaincu. Sauf improbable retournement de situation, on ne devrait donc pas revoir l\u2019Am\u00e9ricaine aux Nations. Quant au club vandop\u00e9rien, il \u00e9tudie actuellement la question de savoir s\u2019il faut, ou non, recruter face \u00e0 cette absence inattendue.<\/p>\n","protected":false},"excerpt":{"rendered":"C\u2019est la p\u00e9riode des r\u00e9solutions, et Aniah Philo Palmer semble avoir d\u00e9cid\u00e9 d\u2019en adopter une pour le moins&hellip;\n","protected":false},"author":2,"featured_media":634772,"comment_status":"","ping_status":"","sticky":false,"template":"","format":"standard","meta":{"footnotes":""},"categories":[1417],"tags":[1704,1701,1011,27,1702,1703,517,1700,60,1750,1470,1632,1469],"class_list":{"0":"post-634771","1":"post","2":"type-post","3":"status-publish","4":"format-standard","5":"has-post-thumbnail","7":"category-volley","8":"tag-edition-nancy-et-agglomeration","9":"tag-fil-info-sport","10":"tag-fr","11":"tag-france","12":"tag-nancy","13":"tag-nancy-ville-54b","14":"tag-sport","15":"tag-sport-lorrain","16":"tag-sports","17":"tag-vnvb","18":"tag-volley","19":"tag-volley-ball","20":"tag-volleyball"},"share_on_mastodon":{"url":"https:\/\/pubeurope.com\/@fr\/115821474186547143","error":""},"_links":{"self":[{"href":"https:\/\/www.europesays.com\/fr\/wp-json\/wp\/v2\/posts\/634771","targetHints":{"allow":["GET"]}}],"collection":[{"href":"https:\/\/www.europesays.com\/fr\/wp-json\/wp\/v2\/posts"}],"about":[{"href":"https:\/\/www.europesays.com\/fr\/wp-json\/wp\/v2\/types\/post"}],"author":[{"embeddable":true,"href":"https:\/\/www.europesays.com\/fr\/wp-json\/wp\/v2\/users\/2"}],"replies":[{"embeddable":true,"href":"https:\/\/www.europesays.com\/fr\/wp-json\/wp\/v2\/comments?post=634771"}],"version-history":[{"count":0,"href":"https:\/\/www.europesays.com\/fr\/wp-json\/wp\/v2\/posts\/634771\/revisions"}],"wp:featuredmedia":[{"embeddable":true,"href":"https:\/\/www.europesays.com\/fr\/wp-json\/wp\/v2\/media\/634772"}],"wp:attachment":[{"href":"https:\/\/www.europesays.com\/fr\/wp-json\/wp\/v2\/media?parent=634771"}],"wp:term":[{"taxonomy":"category","embeddable":true,"href":"https:\/\/www.europesays.com\/fr\/wp-json\/wp\/v2\/categories?post=634771"},{"taxonomy":"post_tag","embeddable":true,"href":"https:\/\/www.europesays.com\/fr\/wp-json\/wp\/v2\/tags?post=634771"}],"curies":[{"name":"wp","href":"https:\/\/api.w.org\/{rel}","templated":true}]}}