{"id":634773,"date":"2026-01-01T19:23:10","date_gmt":"2026-01-01T19:23:10","guid":{"rendered":"https:\/\/www.europesays.com\/fr\/634773\/"},"modified":"2026-01-01T19:23:10","modified_gmt":"2026-01-01T19:23:10","slug":"transferts-top-14-sergio-parisse-va-bien-quitter-le-rct","status":"publish","type":"post","link":"https:\/\/www.europesays.com\/fr\/634773\/","title":{"rendered":"Transferts \/ Top 14 &#8211; Sergio Parisse va bien quitter le RCT"},"content":{"rendered":"<p>\n                D\u00e9but d\u00e9cembre, Midi Olympique vous r\u00e9v\u00e9lait des contacts avanc\u00e9s entre la s\u00e9lection italienne et l\u2019actuel entra\u00eeneur de la touche du RCT. D\u2019apr\u00e8s nos informations, les discussions ont abouti.\n            <\/p>\n<p>Toulon et Parisse, c\u2019est bient\u00f4t fini. L\u2019ancien troisi\u00e8me ligne centre s\u2019en ira des bords de la M\u00e9diterran\u00e9e en fin de saison, au terme de son contrat, pour rejoindre la Nazionale et Gonzalo Quesada. Les deux hommes s\u2019appr\u00e9cient de longue date, notamment depuis leur aventure commune au Stade fran\u00e7ais Paris.<\/p>\n<p>Le recordman de s\u00e9lections (142 capes) aura un r\u00f4le important dans le staff italien en vue de la prochaine Coupe du monde en Australie. En juin prochain, Parisse va ainsi refermer un autre gros chapitre de sa vie. Il est arriv\u00e9 \u00e0 Toulon en qualit\u00e9 de joueur en 2019. Il avait mis un terme \u00e0 sa carri\u00e8re quatre ans plus tard, apr\u00e8s 65 apparitions sous le maillot Rouge et Noir. Il a imm\u00e9diatement bascul\u00e9 dans un r\u00f4le d\u2019entra\u00eeneur de la touche. Son travail \u00e9tait appr\u00e9ci\u00e9 du groupe.<\/p>\n<p><strong>Trois profils \u00e9tudi\u00e9s<\/strong><\/p>\n<p>D\u2019une mani\u00e8re assez logique, le RCT s\u2019est d\u00e9j\u00e0 mis en qu\u00eate d\u2019un successeur. Les agents ont forc\u00e9ment d\u00e9pos\u00e9 plusieurs curriculums vitae sur le bureau du directeur sportif Laurent Emmanuelli. Selon nos indiscr\u00e9tions, deux entra\u00eeneurs ont retenu l\u2019attention des d\u00e9cideurs varois. L\u2019un est \u00e9tranger, l\u2019autre est de nationalit\u00e9 fran\u00e7aise. Pour l\u2019heure, les noms n\u2019ont pas filtr\u00e9 mais l\u2019un des candidats a d\u00e9j\u00e0 pris langue avec Pierre Mignoni. \u00c0 ce stade, l\u2019ancien demi de m\u00eal\u00e9e n\u2019a \u00e9galement pas totalement \u00e9cart\u00e9 la possibilit\u00e9 d\u2019une solution interne. Le RCT veut boucler la succession de Sergio Parisse d\u2019ici un peu plus d\u2019un mois.<\/p>\n<p>En attendant, le devenir d\u2019un de ses compatriotes sur la rade est fix\u00e9 : Gianmarco Lucchesi (25 ans) sera encore Toulonnais la saison prochaine. Victime d\u2019une rupture du ligament crois\u00e9 d\u2019un genou en avril dernier, l\u2019ex-\u00e9l\u00e9ment du Benetton a rechauss\u00e9 les crampons en Champions Cup. Selon nos informations, durant p\u00e9riode, l\u2019int\u00e9ress\u00e9 a paraph\u00e9 un nouveau contrat avec le RCT qui avait activ\u00e9 plusieurs pistes au poste (Guillaume Cramont, Lucas Peyresblanques\u2026). Le natif de Pise, arriv\u00e9 en 2024 sur les bords de la M\u00e9diterran\u00e9e, a \u00e9tendu son bail pour deux saisons, soit jusqu\u2019en 2028.<strong>\u00a0<\/strong><\/p>\n","protected":false},"excerpt":{"rendered":"D\u00e9but d\u00e9cembre, Midi Olympique vous r\u00e9v\u00e9lait des contacts avanc\u00e9s entre la s\u00e9lection italienne et l\u2019actuel entra\u00eeneur de la&hellip;\n","protected":false},"author":2,"featured_media":634774,"comment_status":"","ping_status":"","sticky":false,"template":"","format":"standard","meta":{"footnotes":""},"categories":[1416],"tags":[1011,27,479,1468,74274,60,10662],"class_list":{"0":"post-634773","1":"post","2":"type-post","3":"status-publish","4":"format-standard","5":"has-post-thumbnail","7":"category-rugby","8":"tag-fr","9":"tag-france","10":"tag-rugby","11":"tag-rugby-football","12":"tag-sergio-parisse","13":"tag-sports","14":"tag-transferts"},"share_on_mastodon":{"url":"https:\/\/pubeurope.com\/@fr\/115821478136150250","error":""},"_links":{"self":[{"href":"https:\/\/www.europesays.com\/fr\/wp-json\/wp\/v2\/posts\/634773","targetHints":{"allow":["GET"]}}],"collection":[{"href":"https:\/\/www.europesays.com\/fr\/wp-json\/wp\/v2\/posts"}],"about":[{"href":"https:\/\/www.europesays.com\/fr\/wp-json\/wp\/v2\/types\/post"}],"author":[{"embeddable":true,"href":"https:\/\/www.europesays.com\/fr\/wp-json\/wp\/v2\/users\/2"}],"replies":[{"embeddable":true,"href":"https:\/\/www.europesays.com\/fr\/wp-json\/wp\/v2\/comments?post=634773"}],"version-history":[{"count":0,"href":"https:\/\/www.europesays.com\/fr\/wp-json\/wp\/v2\/posts\/634773\/revisions"}],"wp:featuredmedia":[{"embeddable":true,"href":"https:\/\/www.europesays.com\/fr\/wp-json\/wp\/v2\/media\/634774"}],"wp:attachment":[{"href":"https:\/\/www.europesays.com\/fr\/wp-json\/wp\/v2\/media?parent=634773"}],"wp:term":[{"taxonomy":"category","embeddable":true,"href":"https:\/\/www.europesays.com\/fr\/wp-json\/wp\/v2\/categories?post=634773"},{"taxonomy":"post_tag","embeddable":true,"href":"https:\/\/www.europesays.com\/fr\/wp-json\/wp\/v2\/tags?post=634773"}],"curies":[{"name":"wp","href":"https:\/\/api.w.org\/{rel}","templated":true}]}}