{"id":634777,"date":"2026-01-01T19:28:11","date_gmt":"2026-01-01T19:28:11","guid":{"rendered":"https:\/\/www.europesays.com\/fr\/634777\/"},"modified":"2026-01-01T19:28:11","modified_gmt":"2026-01-01T19:28:11","slug":"charvieu-chavagneux-ic-leffectif-2026-actualite","status":"publish","type":"post","link":"https:\/\/www.europesays.com\/fr\/634777\/","title":{"rendered":"Charvieu-Chavagneux IC : L&rsquo;effectif 2026 &#8211; Actualit\u00e9"},"content":{"rendered":"<p>\t\t\t<strong><a href=\"https:\/\/www.directvelo.com\/equipe\/23\/charvieu-chavagneux-ic\" target=\"_blank\" rel=\"noopener\">Charvieu-Chavagneux Is\u00e8re Cyclisme<\/a><\/strong> poss\u00e8de un effectif de treize coureurs pour la saison 2026. Le club de N1 accueille sept recrues dont <strong><a href=\"https:\/\/www.directvelo.com\/coureur\/21358\/lucas-boniface\" target=\"_blank\" rel=\"noopener\">Lucas Boniface<\/a><\/strong>, qui arrive du peloton professionnel. Parmi les coureurs qui ne sont plus dans l&rsquo;effectif, <strong><a href=\"https:\/\/www.directvelo.com\/coureur\/16936\/romain-arcangeli\" target=\"_blank\" rel=\"noopener\">Romain Arcangeli<\/a><\/strong>\u00a0devient directeur sportif aux c\u00f4t\u00e9s d&rsquo;Antoine Bravard. <strong><a href=\"https:\/\/www.directvelo.com\/coureur\/41904\/colin-savioz\" target=\"_blank\" rel=\"noopener\">Colin Savioz<\/a><\/strong> passe professionnel chez Unibet Tietema Rockets tandis que <strong><a href=\"https:\/\/www.directvelo.com\/coureur\/37516\/guillaume-bagou\" target=\"_blank\" rel=\"noopener\">Guillaume Bagou<\/a><\/strong> rejoint la Continentale Elite Fondations CT.<br \/>Charvieu-Chavagneux IC a termin\u00e9 l&rsquo;an pass\u00e9 15e du Challenge DirectVelo des N1 et 16e de la Coupe de France N1.<\/p>\n<p><strong>L&rsquo;effectif 2026 de Charvieu-Chavagneux IC :<\/strong> <br \/>Cl\u00e9ment Argeles, 19 ans<br \/>Samuel Berthet, 18 ans<br \/>Lucas Boniface, 25 ans (TotalEnergies)<br \/>Arthur Fernandes, 18 ans (Villeneuve Cycliste)<br \/>Peder Antoni Gravas, 23 ans (Hexagone-Corbas Lyon M\u00e9tropole)<br \/>Mathis Guerinel, 20 ans (Paris-Cycliste Olympique)<br \/>Thomas Husni, 22 ans <br \/>Mattis Lebeau, 26 ans <br \/>Markus M\u00e4euibo, 20 ans<br \/>Jo\u00ebl Plamondon, 23 ans (Team Marni-N&rsquo;side)<br \/>Jules Sauzet, 18 ans<br \/>Lauri Tamm, 21 ans (CC Villeneuve Saint-Germain)<br \/>Cl\u00e9ment Van Eycken, 22 ans (UC P\u00e9lussin Loire Pilat)<\/p>\n<p>Les d\u00e9parts : Romain Arcangeli (arr\u00eat), Guillaume Bagou (Elite Fondations CT), Anthony Baudis (arr\u00eat), Emmanuel Moisan (UC P\u00e9lussin Loire Pilat), Markus Pajur (?), Eliot Pauchard (Team Buffaz-Gestion de Patrimoine), Josh Rivett (?) et Colin Savioz (Unibet Tieteam Rockets).<\/p>\n","protected":false},"excerpt":{"rendered":"Charvieu-Chavagneux Is\u00e8re Cyclisme poss\u00e8de un effectif de treize coureurs pour la saison 2026. Le club de N1 accueille&hellip;\n","protected":false},"author":2,"featured_media":634778,"comment_status":"","ping_status":"","sticky":false,"template":"","format":"standard","meta":{"footnotes":""},"categories":[1411],"tags":[834,828,836,829,837,827,83,826,824,823,1154,207,814,817,815,816,822,821,832,211,839,1011,27,820,818,819,835,831,830,833,838,60,212,208,825],"class_list":{"0":"post-634777","1":"post","2":"type-post","3":"status-publish","4":"format-standard","5":"has-post-thumbnail","7":"category-cyclisme","8":"tag-attaque","9":"tag-belgique","10":"tag-braquet","11":"tag-bretagne","12":"tag-chute","13":"tag-competition","14":"tag-coupe-de-france","15":"tag-coureur","16":"tag-course-cyclisme","17":"tag-course-cycliste","18":"tag-cycling","19":"tag-cyclisme","20":"tag-direct","21":"tag-direct-velo","22":"tag-directvelo","23":"tag-directvelo-com","24":"tag-epreuve","25":"tag-epreuve-cycliste","26":"tag-federation-francaise-de-cyclisme","27":"tag-ffc","28":"tag-flandres","29":"tag-fr","30":"tag-france","31":"tag-live","32":"tag-live-course","33":"tag-live-epreuve","34":"tag-peloton","35":"tag-radio-peloton","36":"tag-radio-tour","37":"tag-ravitaillement","38":"tag-relance","39":"tag-sports","40":"tag-uci","41":"tag-velo","42":"tag-velos"},"share_on_mastodon":{"url":"https:\/\/pubeurope.com\/@fr\/115821497777547583","error":""},"_links":{"self":[{"href":"https:\/\/www.europesays.com\/fr\/wp-json\/wp\/v2\/posts\/634777","targetHints":{"allow":["GET"]}}],"collection":[{"href":"https:\/\/www.europesays.com\/fr\/wp-json\/wp\/v2\/posts"}],"about":[{"href":"https:\/\/www.europesays.com\/fr\/wp-json\/wp\/v2\/types\/post"}],"author":[{"embeddable":true,"href":"https:\/\/www.europesays.com\/fr\/wp-json\/wp\/v2\/users\/2"}],"replies":[{"embeddable":true,"href":"https:\/\/www.europesays.com\/fr\/wp-json\/wp\/v2\/comments?post=634777"}],"version-history":[{"count":0,"href":"https:\/\/www.europesays.com\/fr\/wp-json\/wp\/v2\/posts\/634777\/revisions"}],"wp:featuredmedia":[{"embeddable":true,"href":"https:\/\/www.europesays.com\/fr\/wp-json\/wp\/v2\/media\/634778"}],"wp:attachment":[{"href":"https:\/\/www.europesays.com\/fr\/wp-json\/wp\/v2\/media?parent=634777"}],"wp:term":[{"taxonomy":"category","embeddable":true,"href":"https:\/\/www.europesays.com\/fr\/wp-json\/wp\/v2\/categories?post=634777"},{"taxonomy":"post_tag","embeddable":true,"href":"https:\/\/www.europesays.com\/fr\/wp-json\/wp\/v2\/tags?post=634777"}],"curies":[{"name":"wp","href":"https:\/\/api.w.org\/{rel}","templated":true}]}}