{"id":634779,"date":"2026-01-01T19:29:17","date_gmt":"2026-01-01T19:29:17","guid":{"rendered":"https:\/\/www.europesays.com\/fr\/634779\/"},"modified":"2026-01-01T19:29:17","modified_gmt":"2026-01-01T19:29:17","slug":"nice-un-menage-attendu-cet-hiver-maxifoot","status":"publish","type":"post","link":"https:\/\/www.europesays.com\/fr\/634779\/","title":{"rendered":"Nice : un m\u00e9nage attendu cet hiver &#8211; Maxifoot"},"content":{"rendered":"<ol>\n<li><a href=\"https:\/\/news.google.com\/rss\/articles\/CBMifEFVX3lxTE9oeU1sVldsbVVQR2ZweUc2SmNzX1dGZlNRaDczWnN3SkZGZEhJaTVPSmNLTTliUC05OHBHVTEzcWtqNU1QWk5JS3djanVXNVo2NjYzb3dpbDExWmowSGtkSGh2UW1udWpFVEp0TGFKd1ZOWDlWQ0pXY3MxOU3SAXxBVV95cUxNU1o3Mi13WDdLT2daRWJKNmxMdXJ5QnIxaDMyR3J0dGtGYzJxODVTOFdLWjN6THc4WkZmNWdFV0FpemNHeGlfcExKM3h0Qm5BRFZHMGN3X1RMUnZTOWM4R1A1YTA0NnktZXRqTFoxU2xBYjdZZmtSb0VSeU42?oc=5\" target=\"_blank\" rel=\"noopener\">Nice : un m\u00e9nage attendu cet hiver<\/a>&nbsp;&nbsp;Maxifoot<\/li>\n<li><a href=\"https:\/\/news.google.com\/rss\/articles\/CBMirwFBVV95cUxOa0t3eWVsWm92MW1jRHV6akpKNXBodFNfZlpDTzMwWTNNbVZWVGhjZmhTbDhNRFB0UGlqeHhkZWEzSmFmbHdDMXM2emhucC1kdVJoRUhSNGpjR2hJUnlhRkxrUFZUSzBpVnZYZEdhdXJLZEpkSGwzMjNMTDUwWDkzei1wQjByWXZHSWotcGI1d2pETlhfVGtXNHlicERPa3l2VDBSOF9kVEhzSGtCSVJv0gGuAUFVX3lxTE5QZS1fZnpnd2p6QWNGYWM5VkJWcG50SUhoOU1kYlBmOTFIdXBrNzJpc002eDlfZWpBUHpqVDExRXd4NnA1bldhenpyQzR2RHg2RHRLLUNPc2FPTUl2NU1jOUdoQWwyblZsMVg5TFZWOVBWWUU5c002aWJXQnZyN3ZGcTJsTlZXM1FoaERqMW1KdXBWLW1jMUxuX1FvMEtTV2J0UnllSkkwcGY5TEpOZw?oc=5\" target=\"_blank\" rel=\"noopener\">Nice va se s\u00e9parer de trois ind\u00e9sirables : Sports &#8211; Orange<\/a>&nbsp;&nbsp;Sports &#8211; Orange<\/li>\n<li><a href=\"https:\/\/news.google.com\/rss\/articles\/CBMimAFBVV95cUxQTGt3MkJ1WnQ1YkxHV240el81dVAwZkZRU1ZDblo0Szhta0dXTXE0ZVhBT2xSOG02UGYtbzFFNW50MTFEenQtMnVZdEtOcWpSQ1pEQjFSXzVOTG5jWTlrZUJRMHJKQ09YUXJnYWtsWUVZQ1BrdVRQZ3FRUzVrSXk5Z3lMc2wzOS1ISTdTUG9yOVg0aGZmT09fMg?oc=5\" target=\"_blank\" rel=\"noopener\">Nice : trois nouveaux joueurs devraient partir<\/a>&nbsp;&nbsp;Foot Mercato<\/li>\n<li><a href=\"https:\/\/news.google.com\/rss\/articles\/CBMiugFBVV95cUxQWV9kekplX0tqT19aTUlwbDhaa0YzeVFidjJMbWstSW1EdXlJV3ZWdTdlaHE4eHczYkg0OXFqZGVNNV84SkN2VnZreWgyOFhYT0liV3hJaFotc1NWN0s3OWN3S2U1b3NrdVcwXzlqUjlpSXpGR0FXTGFFRnRBbDRIU3BHWEt0SjE4Snd3dW5PaEdFTGtTUE5Ya2NaSlplVVBEblp4NElWLW5qSUVDR2NpQ1FIbVpORk91Ymc?oc=5\" target=\"_blank\" rel=\"noopener\">Mercato Nice : L&rsquo;OGC Nice ne veut plus de ces trois joueurs !<\/a>&nbsp;&nbsp;MadeinFoot.com<\/li>\n<li><a href=\"https:\/\/news.google.com\/rss\/articles\/CBMiiAFBVV95cUxOSERjR1J1WmFuYnNjSXd0Z2V1M0FtbzNsS0RSaFBPQ1huNGYwZVNXZVk3bDJBTzZRaTlfeC0zQ041WFh6bl9PTFdiNUtpeVhtRXIydy1FcXRaUWdnczFQYW9TUllDb0MxOU5lNzMxc1FCYlUwaVdzWlJ1TkUwNlRUVW03dVF3eHAz?oc=5\" target=\"_blank\" rel=\"noopener\">Claude Puel succ\u00e8de \u00e0 Franck Haise<\/a>&nbsp;&nbsp;OGC Nice<\/li>\n<\/ol>\n","protected":false},"excerpt":{"rendered":"Nice : un m\u00e9nage attendu cet hiver&nbsp;&nbsp;Maxifoot Nice va se s\u00e9parer de trois ind\u00e9sirables : Sports &#8211; Orange&nbsp;&nbsp;Sports&hellip;\n","protected":false},"author":2,"featured_media":634780,"comment_status":"","ping_status":"","sticky":false,"template":"","format":"standard","meta":{"footnotes":""},"categories":[1410],"tags":[2266,2262,2261,1981,83,2260,451,2263,462,2269,2257,63,1011,27,2265,1441,453,66,447,2267,955,2268,241,149,70,1817,93,2264,2258,2259,60,969,455],"class_list":{"0":"post-634779","1":"post","2":"type-post","3":"status-publish","4":"format-standard","5":"has-post-thumbnail","7":"category-football","8":"tag-as-monaco","9":"tag-bundesligua","10":"tag-calcio","11":"tag-classement","12":"tag-coupe-de-france","13":"tag-coupe-de-la-ligue","14":"tag-coupe-du-monde","15":"tag-equipe","16":"tag-fc-nantes","17":"tag-fifa","18":"tag-foot","19":"tag-football","20":"tag-fr","21":"tag-france","22":"tag-girondins-bordeaux","23":"tag-joueur","24":"tag-liga","25":"tag-ligue-1","26":"tag-ligue-des-champions","27":"tag-losc","28":"tag-match","29":"tag-ogc-nice","30":"tag-ol","31":"tag-om","32":"tag-premier-league","33":"tag-pronostic","34":"tag-psg","35":"tag-rc-lens","36":"tag-resultat","37":"tag-score","38":"tag-sports","39":"tag-transfert","40":"tag-uefa"},"share_on_mastodon":{"url":"https:\/\/pubeurope.com\/@fr\/115821501738659692","error":""},"_links":{"self":[{"href":"https:\/\/www.europesays.com\/fr\/wp-json\/wp\/v2\/posts\/634779","targetHints":{"allow":["GET"]}}],"collection":[{"href":"https:\/\/www.europesays.com\/fr\/wp-json\/wp\/v2\/posts"}],"about":[{"href":"https:\/\/www.europesays.com\/fr\/wp-json\/wp\/v2\/types\/post"}],"author":[{"embeddable":true,"href":"https:\/\/www.europesays.com\/fr\/wp-json\/wp\/v2\/users\/2"}],"replies":[{"embeddable":true,"href":"https:\/\/www.europesays.com\/fr\/wp-json\/wp\/v2\/comments?post=634779"}],"version-history":[{"count":0,"href":"https:\/\/www.europesays.com\/fr\/wp-json\/wp\/v2\/posts\/634779\/revisions"}],"wp:featuredmedia":[{"embeddable":true,"href":"https:\/\/www.europesays.com\/fr\/wp-json\/wp\/v2\/media\/634780"}],"wp:attachment":[{"href":"https:\/\/www.europesays.com\/fr\/wp-json\/wp\/v2\/media?parent=634779"}],"wp:term":[{"taxonomy":"category","embeddable":true,"href":"https:\/\/www.europesays.com\/fr\/wp-json\/wp\/v2\/categories?post=634779"},{"taxonomy":"post_tag","embeddable":true,"href":"https:\/\/www.europesays.com\/fr\/wp-json\/wp\/v2\/tags?post=634779"}],"curies":[{"name":"wp","href":"https:\/\/api.w.org\/{rel}","templated":true}]}}