{"id":634781,"date":"2026-01-01T19:30:12","date_gmt":"2026-01-01T19:30:12","guid":{"rendered":"https:\/\/www.europesays.com\/fr\/634781\/"},"modified":"2026-01-01T19:30:12","modified_gmt":"2026-01-01T19:30:12","slug":"etats-unis-plusieurs-artistes-ont-annule-leur-venue-au-kennedy-center-haut-lieu-culturel-de-la-capitale-americaine-recemment-rebaptise-trump-kennedy-center-par-son-conseil-dadministration","status":"publish","type":"post","link":"https:\/\/www.europesays.com\/fr\/634781\/","title":{"rendered":"Etats-Unis: Plusieurs artistes ont annul\u00e9 leur venue au Kennedy Center, haut lieu culturel de la capitale am\u00e9ricaine, r\u00e9cemment rebaptis\u00e9 Trump-Kennedy Center par son conseil d\u2019administration &#8211; VIDEO"},"content":{"rendered":"<p>Plusieurs artistes ont annul\u00e9 leur venue au Kennedy Center, haut lieu culturel de la capitale am\u00e9ricaine r\u00e9cemment rebaptis\u00e9 Trump-Kennedy Center par son conseil d\u2019administration, o\u00f9 si\u00e8gent des proches du pr\u00e9sident r\u00e9publicain.<\/p>\n<p>Des musiciens devant jouer lors de repr\u00e9sentations de fin d\u2019ann\u00e9e ont annonc\u00e9 annuler leur performance, suscitant l\u2019ire de Richard Grenell, pr\u00e9sident de l\u2019institution.<\/p>\n<p>\u00ab\u00a0Les artistes qui annulent aujourd\u2019hui leurs spectacles avaient \u00e9t\u00e9 engag\u00e9s par la pr\u00e9c\u00e9dente direction d\u2019extr\u00eame gauche\u00a0\u00bb, a-t-il \u00e9crit sur X lundi soir, les qualifiant de \u00ab\u00a0militants\u00a0\u00bb. \u00ab\u00a0Les arts sont pour tout le monde et la gauche en est furieuse\u00a0\u00bb, a-t-il ajout\u00e9, d\u00e9non\u00e7ant un \u00ab\u00a0boycott\u00a0\u00bb.<\/p>\n<p>Richard Grenell a \u00e9galement menac\u00e9 l\u2019un des artistes, Chuck Redd, de poursuites judiciaires et a demand\u00e9 une compensation d\u20191 million de dollars, selon une lettre consult\u00e9e par l\u2019AFP, accusant le musicien d\u2019\u00ab\u00a0intol\u00e9rance\u00a0\u00bb et de \u00ab\u00a0strat\u00e9gies d\u2019intimidation\u00a0\u00bb.<\/p>\n<p>Pour The Cookers, un groupe de jazz qui a d\u00e9cid\u00e9 d\u2019annuler son concert du 31 d\u00e9cembre, \u00ab\u00a0le jazz est n\u00e9 de la lutte et d\u2019une obstination sans rel\u00e2che pour la libert\u00e9: libert\u00e9 de pens\u00e9e, d\u2019expression\u00a0\u00bb, \u00e9crivent-ils dans un communiqu\u00e9. \u00ab\u00a0Nous ne tournons pas le dos \u00e0 notre public, et nous voulons nous assurer que lorsque nous reviendrons sur sc\u00e8ne, la salle pourra c\u00e9l\u00e9brer la pr\u00e9sence totale de la musique et de tous ceux qui la composent\u00a0\u00bb.<\/p>\n<p>Doug Varone and Dancers, une compagnie de danse dont la performance \u00e0 Washington \u00e9tait pr\u00e9vue en avril 2026, a justifi\u00e9 son choix lundi sur Instagram: \u00ab\u00a0Suite \u00e0 la derni\u00e8re d\u00e9cision de Donald Trump de renommer la salle en son honneur, nous ne pouvons plus nous permettre, ni demander \u00e0 notre public de mettre les pieds dans cette institution autrefois prestigieuse\u00a0\u00bb.<\/p>\n<p>Kristy Lee, une chanteuse de folk, a confi\u00e9 sur les r\u00e9seaux sociaux qu\u2019annuler son concert pr\u00e9vu en janvier 2026 \u00ab\u00a0fait mal. C\u2019est comme \u00e7a que je paye mes factures. Mais perdre mon int\u00e9grit\u00e9 me co\u00fbterait plus cher que n\u2019importe quel salaire\u00a0\u00bb.<\/p>\n<p>Le changement de nom du Kennedy Center, op\u00e9r\u00e9 mi-d\u00e9cembre, est l\u2019ultime symbole de sa prise de contr\u00f4le par le pr\u00e9sident am\u00e9ricain. Il a \u00e9t\u00e9 d\u00e9nonc\u00e9 par la famille du pr\u00e9sident Kennedy et l\u2019opposition d\u00e9mocrate.<\/p>\n<p>La nouvelle direction y a par ailleurs supprim\u00e9 les drag shows et les \u00e9v\u00e9nements c\u00e9l\u00e9brant la communaut\u00e9 LGBT+.<\/p>\n<p>Elle a organis\u00e9 des conf\u00e9rences de la droite religieuse et invit\u00e9 des artistes chr\u00e9tiens.<\/p>\n<p>Selon la presse am\u00e9ricaine, les ventes de billets ont baiss\u00e9 depuis l\u2019arriv\u00e9e du nouveau conseil d\u2019administration.<\/p>\n<p>\u00a0<\/p>\n","protected":false},"excerpt":{"rendered":"Plusieurs artistes ont annul\u00e9 leur venue au Kennedy Center, haut lieu culturel de la capitale am\u00e9ricaine r\u00e9cemment rebaptis\u00e9&hellip;\n","protected":false},"author":2,"featured_media":634782,"comment_status":"","ping_status":"","sticky":false,"template":"","format":"standard","meta":{"footnotes":""},"categories":[1359],"tags":[2937,58,59,73,1011,27,74275,973],"class_list":{"0":"post-634781","1":"post","2":"type-post","3":"status-publish","4":"format-standard","5":"has-post-thumbnail","7":"category-people","8":"tag-artistes","9":"tag-divertissement","10":"tag-entertainment","11":"tag-etats-unis","12":"tag-fr","13":"tag-france","14":"tag-kennedy-center","15":"tag-people"},"share_on_mastodon":{"url":"https:\/\/pubeurope.com\/@fr\/115821505694336279","error":""},"_links":{"self":[{"href":"https:\/\/www.europesays.com\/fr\/wp-json\/wp\/v2\/posts\/634781","targetHints":{"allow":["GET"]}}],"collection":[{"href":"https:\/\/www.europesays.com\/fr\/wp-json\/wp\/v2\/posts"}],"about":[{"href":"https:\/\/www.europesays.com\/fr\/wp-json\/wp\/v2\/types\/post"}],"author":[{"embeddable":true,"href":"https:\/\/www.europesays.com\/fr\/wp-json\/wp\/v2\/users\/2"}],"replies":[{"embeddable":true,"href":"https:\/\/www.europesays.com\/fr\/wp-json\/wp\/v2\/comments?post=634781"}],"version-history":[{"count":0,"href":"https:\/\/www.europesays.com\/fr\/wp-json\/wp\/v2\/posts\/634781\/revisions"}],"wp:featuredmedia":[{"embeddable":true,"href":"https:\/\/www.europesays.com\/fr\/wp-json\/wp\/v2\/media\/634782"}],"wp:attachment":[{"href":"https:\/\/www.europesays.com\/fr\/wp-json\/wp\/v2\/media?parent=634781"}],"wp:term":[{"taxonomy":"category","embeddable":true,"href":"https:\/\/www.europesays.com\/fr\/wp-json\/wp\/v2\/categories?post=634781"},{"taxonomy":"post_tag","embeddable":true,"href":"https:\/\/www.europesays.com\/fr\/wp-json\/wp\/v2\/tags?post=634781"}],"curies":[{"name":"wp","href":"https:\/\/api.w.org\/{rel}","templated":true}]}}