{"id":634785,"date":"2026-01-01T19:33:13","date_gmt":"2026-01-01T19:33:13","guid":{"rendered":"https:\/\/www.europesays.com\/fr\/634785\/"},"modified":"2026-01-01T19:33:13","modified_gmt":"2026-01-01T19:33:13","slug":"tf1-ce-qui-va-changer-des-le-lundi-5-janvier-2026","status":"publish","type":"post","link":"https:\/\/www.europesays.com\/fr\/634785\/","title":{"rendered":"TF1\u00a0: ce qui va changer d\u00e8s le lundi 5 janvier 2026"},"content":{"rendered":"<p>\n\t\t\t\t\t\tPubli\u00e9 le 01\/01\/2026 \u00e0 16:05<\/p>\n<p>D\u00e8s ce lundi 5 janvier 2026, TF1 bouscule sa grille des programmes. Toutelatele vous d\u00e9voile les changements op\u00e9r\u00e9s par la cha\u00eene \u00e0 partir de cette date.<\/p>\n<p>Depuis le lundi 22 d\u00e9cembre 2025, les fid\u00e8les de <a href=\"https:\/\/toutelatele.ouest-france.fr\/plus-belle-la-vie-encore-plus-belle-387\" target=\"_blank\" rel=\"noopener\"><strong> Plus belle la vie, encore plus belle <\/strong><\/a> ont pass\u00e9 No\u00ebl loin de leur s\u00e9rie sur TF1. En effet, <a href=\"https:\/\/toutelatele.ouest-france.fr\/plus-belle-la-vie-encore-plus-belle-la-serie-n-est-plus-diffusee-sur-tf1-des-ce-lundi-22-decembre-2025-181934\" class=\"spip_in\" target=\"_blank\" rel=\"noopener\">alors qu\u2019elle est habituellement diffus\u00e9e \u00e0 partir de 14 heures sur la cha\u00eene, elle a \u00e9t\u00e9 remplac\u00e9e par des t\u00e9l\u00e9films de No\u00ebl<\/a>.<\/p>\n<p>Mais pas de panique, d\u00e8s ce lundi 5 janvier 2026, <strong> Plus belle la vie, encore plus belle <\/strong> fera son retour sur la cha\u00eene priv\u00e9e avec l\u2019arr\u00eat des t\u00e9l\u00e9films de No\u00ebl. TF1 proposera, \u00e0 la suite, ses deux thrillers psychologiques. Ce retour ne sera d\u2019ailleurs pas le seul changement op\u00e9r\u00e9 par TF1 \u00e0 partir de ce lundi 5 janvier 2026.<\/p>\n<p>Gilles Bouleau et Marie-Sophie Lacarrau de retour aux commandes des journaux de TF1<\/p>\n<p>En effet, les t\u00e9l\u00e9spectateurs retrouveront \u00e9galement les titulaires du <strong> JT de 13H <\/strong> et de <strong> 20H <\/strong> sur TF1. <strong>Marie-Sophie Lacarrau<\/strong>, apr\u00e8s avoir \u00e9t\u00e9 remplac\u00e9e par <strong>Isabelle Ithurburu<\/strong> pendant les vacances de No\u00ebl, reviendra aux commandes du journal de la mi-journ\u00e9e sur la cha\u00eene.<\/p>\n<p>Pour le <strong> JT de 20H <\/strong>, <strong>Gilles Bouleau<\/strong> sera, de nouveau, \u00e0 l\u2019antenne. <a href=\"https:\/\/toutelatele.ouest-france.fr\/jean-baptiste-boursier-carton-pour-son-retour-sur-tf1-182144\" class=\"spip_in\" target=\"_blank\" rel=\"noopener\"><strong>Jean-Baptiste Boursier<\/strong> a assur\u00e9 l\u2019int\u00e9rim du journal du soir durant cette pause hivernale<\/a>.<\/p>\n<p>Amour, Gloire et Beaut\u00e9 fait son grand retour sur TF1<\/p>\n<p>\u00c0 partir de ce lundi 5 janvier 2026, la s\u00e9rie <strong> Amour, Gloire et Beaut\u00e9 <\/strong> fera \u00e9galement son retour  surprise sur la grille de TF1. Pour rappel, <a href=\"https:\/\/toutelatele.ouest-france.fr\/amour-gloire-et-beaute-tf1-supprime-la-serie-des-le-lundi-25-aout-2025-178357\" class=\"spip_in\" target=\"_blank\" rel=\"noopener\">la s\u00e9rie n\u2019\u00e9tait plus diffus\u00e9e sur la cha\u00eene priv\u00e9e depuis le 25 ao\u00fbt 2025<\/a>, ayant \u00e9t\u00e9 remplac\u00e9e par <strong> T\u00e9l\u00e9shopping <\/strong> et <strong> Les Feux de l\u2019amour <\/strong>. Elle est toutefois disponible sur TF1 S\u00e9ries Films et sur RTL9.<\/p>\n<p>Deux \u00e9pisodes de la s\u00e9rie seront programm\u00e9s le matin \u00e0 partir de 9h55. Il s\u2019agira cependant de rediffusions, les in\u00e9dits \u00e9tant toujours diffus\u00e9s en parall\u00e8le sur TF1 S\u00e9ries Films. <strong> T\u00e9l\u00e9shopping <\/strong> sera, de son c\u00f4t\u00e9, d\u00e9programm\u00e9. L\u2019\u00e9pisode des <strong> Feux de l\u2019amour <\/strong> sera, quant \u00e0 lui, toujours \u00e0 retrouver d\u00e8s 10h55.<\/p>\n","protected":false},"excerpt":{"rendered":"Publi\u00e9 le 01\/01\/2026 \u00e0 16:05 D\u00e8s ce lundi 5 janvier 2026, TF1 bouscule sa grille des programmes. Toutelatele&hellip;\n","protected":false},"author":2,"featured_media":634786,"comment_status":"","ping_status":"","sticky":false,"template":"","format":"standard","meta":{"footnotes":""},"categories":[1356],"tags":[58,59,1011,27,252,1364],"class_list":{"0":"post-634785","1":"post","2":"type-post","3":"status-publish","4":"format-standard","5":"has-post-thumbnail","7":"category-television","8":"tag-divertissement","9":"tag-entertainment","10":"tag-fr","11":"tag-france","12":"tag-television","13":"tag-tv"},"share_on_mastodon":{"url":"https:\/\/pubeurope.com\/@fr\/115821517512976348","error":""},"_links":{"self":[{"href":"https:\/\/www.europesays.com\/fr\/wp-json\/wp\/v2\/posts\/634785","targetHints":{"allow":["GET"]}}],"collection":[{"href":"https:\/\/www.europesays.com\/fr\/wp-json\/wp\/v2\/posts"}],"about":[{"href":"https:\/\/www.europesays.com\/fr\/wp-json\/wp\/v2\/types\/post"}],"author":[{"embeddable":true,"href":"https:\/\/www.europesays.com\/fr\/wp-json\/wp\/v2\/users\/2"}],"replies":[{"embeddable":true,"href":"https:\/\/www.europesays.com\/fr\/wp-json\/wp\/v2\/comments?post=634785"}],"version-history":[{"count":0,"href":"https:\/\/www.europesays.com\/fr\/wp-json\/wp\/v2\/posts\/634785\/revisions"}],"wp:featuredmedia":[{"embeddable":true,"href":"https:\/\/www.europesays.com\/fr\/wp-json\/wp\/v2\/media\/634786"}],"wp:attachment":[{"href":"https:\/\/www.europesays.com\/fr\/wp-json\/wp\/v2\/media?parent=634785"}],"wp:term":[{"taxonomy":"category","embeddable":true,"href":"https:\/\/www.europesays.com\/fr\/wp-json\/wp\/v2\/categories?post=634785"},{"taxonomy":"post_tag","embeddable":true,"href":"https:\/\/www.europesays.com\/fr\/wp-json\/wp\/v2\/tags?post=634785"}],"curies":[{"name":"wp","href":"https:\/\/api.w.org\/{rel}","templated":true}]}}