{"id":634790,"date":"2026-01-01T19:36:13","date_gmt":"2026-01-01T19:36:13","guid":{"rendered":"https:\/\/www.europesays.com\/fr\/634790\/"},"modified":"2026-01-01T19:36:13","modified_gmt":"2026-01-01T19:36:13","slug":"le-chu-declenche-son-plan-de-mobilisation-interne","status":"publish","type":"post","link":"https:\/\/www.europesays.com\/fr\/634790\/","title":{"rendered":"le CHU d\u00e9clenche son Plan de mobilisation interne"},"content":{"rendered":"<p class=\"svelte-qfpp5o first-paragraph\">La <b>grippe<\/b> fait actuellement rage dans l\u2019archipel guadeloup\u00e9en. Les sympt\u00f4mes varient d\u2019un individu \u00e0 l\u2019autre, mais beaucoup de ceux qui l\u2019ont eue racontent avoir \u00e9t\u00e9 KO durant plusieurs jours\u00a0; pour d\u2019autres les cons\u00e9quences peuvent \u00eatre plus graves.<\/p>\n<p class=\"svelte-qfpp5o\">Le territoire est pass\u00e9 en <b>phase pr\u00e9-\u00e9pid\u00e9mique le 12 d\u00e9cembre<\/b> dernier et les autorit\u00e9s sanitaires \u00e9voquent une forte probabilit\u00e9 d\u2019une \u00e9volution vers la <b>phase \u00e9pid\u00e9mique dans les prochains jours<\/b>.<\/p>\n<p class=\"svelte-qfpp5o\">En effet, les indicateurs vont crescendo. Depuis le 17 d\u00e9cembre, le nombre de cas r\u00e9gul\u00e9s et de passages aux urgences augmente. Depuis le 21 d\u00e9cembre, le nombre de patients hospitalis\u00e9s en m\u00e9decine chirurgie obst\u00e9trique suit la m\u00eame courbe, de m\u00eame que le nombre d\u2019admissions en r\u00e9animation.<\/p>\n<p>Une organisation sp\u00e9cifique des services hospitaliers<\/p>\n<p class=\"svelte-qfpp5o\">Dans ce contexte, ce mercredi 31 d\u00e9cembre 2025, la direction du Centre hospitalier universitaire de la Guadeloupe (CHUG) a d\u00e9cid\u00e9 de d\u00e9clencher son Plan de mobilisation interne (PMI), \u00e0 savoir le niveau 1 du Plan de gestion des tensions hospitali\u00e8res et des situations exceptionnelles (PGTHSE*).<\/p>\n<p class=\"svelte-qfpp5o\">Dans ce cadre, les acteurs du CHUG sont amen\u00e9s \u00e0 renforcer la surveillance des entr\u00e9es et sorties, doivent lib\u00e9rer le maximum de lits, tandis que des lits suppl\u00e9mentaires doivent \u00eatre d\u00fbment arm\u00e9s, notamment avec les \u00e9quipements n\u00e9cessaires \u00e0 la r\u00e9animation. D\u00e8s la suspicion d\u2019un syndrome grippal, un traitement ad\u00e9quat doit \u00eatre administr\u00e9.<\/p>\n<blockquote class=\"quote svelte-15qzpub\">\n<p class=\"text svelte-15qzpub\">\u00ab Selon l\u2019\u00e9volution de la situation, l\u2019activation d\u2019une cellule de crise pourra \u00eatre envisag\u00e9e, avec une fr\u00e9quence minimale d\u2019une r\u00e9union par semaine.  \u00bb<\/p>\n<p> Sandrine Cotton, directrice g\u00e9n\u00e9rale par int\u00e9rim du CHUG<\/p><\/blockquote>\n<p class=\"svelte-qfpp5o\">*Le <a class=\"article-link svelte-123pfsg\" href=\"https:\/\/sante.gouv.fr\/prevention-en-sante\/securite-sanitaire\/guide-gestion-tensions-hospitalieres-SSE#:~:text=Ce%20plan%2C%20%C3%A9labor%C3%A9%20sous%20la,niveau%202%20%C2%AB%20plan%20blanc%20%C2%BB.\" target=\"_blank\" rel=\"noopener noreferrer nofollow\">PGTHSE<\/a>, \u00e9labor\u00e9 sous la responsabilit\u00e9 du directeur de l\u2019\u00e9tablissement, comprend deux niveaux\u00a0: niveau 1 \u00ab\u00a0Plan de mobilisation interne\u00a0\u00bb et niveau 2 \u00ab\u00a0Plan blanc\u00a0\u00bb.<\/p>\n<p class=\"svelte-qfpp5o\">Soyez prudents pendant les f\u00eates et, d\u00e8s l\u2019apparition de sympt\u00f4mes, consulter un m\u00e9decin, prot\u00e9gez-vous, ainsi que vos proches.<\/p>\n","protected":false},"excerpt":{"rendered":"La grippe fait actuellement rage dans l\u2019archipel guadeloup\u00e9en. Les sympt\u00f4mes varient d\u2019un individu \u00e0 l\u2019autre, mais beaucoup de&hellip;\n","protected":false},"author":2,"featured_media":634791,"comment_status":"","ping_status":"","sticky":false,"template":"","format":"standard","meta":{"footnotes":""},"categories":[10],"tags":[1011,27,72,71],"class_list":{"0":"post-634790","1":"post","2":"type-post","3":"status-publish","4":"format-standard","5":"has-post-thumbnail","7":"category-sante","8":"tag-fr","9":"tag-france","10":"tag-health","11":"tag-sante"},"share_on_mastodon":{"url":"https:\/\/pubeurope.com\/@fr\/115821529269678299","error":""},"_links":{"self":[{"href":"https:\/\/www.europesays.com\/fr\/wp-json\/wp\/v2\/posts\/634790","targetHints":{"allow":["GET"]}}],"collection":[{"href":"https:\/\/www.europesays.com\/fr\/wp-json\/wp\/v2\/posts"}],"about":[{"href":"https:\/\/www.europesays.com\/fr\/wp-json\/wp\/v2\/types\/post"}],"author":[{"embeddable":true,"href":"https:\/\/www.europesays.com\/fr\/wp-json\/wp\/v2\/users\/2"}],"replies":[{"embeddable":true,"href":"https:\/\/www.europesays.com\/fr\/wp-json\/wp\/v2\/comments?post=634790"}],"version-history":[{"count":0,"href":"https:\/\/www.europesays.com\/fr\/wp-json\/wp\/v2\/posts\/634790\/revisions"}],"wp:featuredmedia":[{"embeddable":true,"href":"https:\/\/www.europesays.com\/fr\/wp-json\/wp\/v2\/media\/634791"}],"wp:attachment":[{"href":"https:\/\/www.europesays.com\/fr\/wp-json\/wp\/v2\/media?parent=634790"}],"wp:term":[{"taxonomy":"category","embeddable":true,"href":"https:\/\/www.europesays.com\/fr\/wp-json\/wp\/v2\/categories?post=634790"},{"taxonomy":"post_tag","embeddable":true,"href":"https:\/\/www.europesays.com\/fr\/wp-json\/wp\/v2\/tags?post=634790"}],"curies":[{"name":"wp","href":"https:\/\/api.w.org\/{rel}","templated":true}]}}