{"id":634800,"date":"2026-01-01T19:41:10","date_gmt":"2026-01-01T19:41:10","guid":{"rendered":"https:\/\/www.europesays.com\/fr\/634800\/"},"modified":"2026-01-01T19:41:10","modified_gmt":"2026-01-01T19:41:10","slug":"aux-pays-bas-un-incendie-ravage-une-eglise-damsterdam-lors-dun-nouvel-an-mouvemente","status":"publish","type":"post","link":"https:\/\/www.europesays.com\/fr\/634800\/","title":{"rendered":"Aux Pays-Bas, un incendie ravage une \u00e9glise d\u2019Amsterdam lors d\u2019un Nouvel An mouvement\u00e9"},"content":{"rendered":"\n<p class=\"article__paragraph  \">Un gigantesque incendie a ravag\u00e9 jeudi 1er janvier une \u00e9glise d\u2019Amsterdam datant du XIXe\u00a0si\u00e8cle. Le feu s\u2019est d\u00e9clar\u00e9 pour une raison inconnue aux premi\u00e8res heures \u00e0 la Vondelkerk, une attraction touristique qui surplombe l\u2019un des principaux parcs de la ville depuis 1872. La tour de 50 m\u00e8tres de haut s\u2019est effondr\u00e9e et le toit a \u00e9t\u00e9 gravement endommag\u00e9, mais la structure devrait rester intacte, ont d\u00e9clar\u00e9 les autorit\u00e9s d\u2019Amsterdam.<\/p>\n<p class=\"article__paragraph  \">Outre l\u2019incendie, les Pays-Bas ont pass\u00e9 une Saint-Sylvestre mouvement\u00e9e, avec deux morts li\u00e9es aux feux d\u2019artifice et des violences sans pr\u00e9c\u00e9dent contre la police. La pr\u00e9sidente du syndicat de la police n\u00e9erlandaise, Nine Kooiman, a fait \u00e9tat d\u2019une \u00ab\u00a0quantit\u00e9 sans pr\u00e9c\u00e9dent de violences contre la police et les services de secours\u00a0\u00bb durant la nuit du Nouvel An. Elle a d\u00e9clar\u00e9 avoir elle-m\u00eame \u00e9t\u00e9 vis\u00e9e \u00e0 trois reprises par des feux d\u2019artifice et autres explosifs dans le cadre de ses fonctions \u00e0 Amsterdam.<\/p>\n<p class=\"article__paragraph  \">Peu apr\u00e8s minuit, les autorit\u00e9s ont diffus\u00e9 une rare alerte nationale sur les t\u00e9l\u00e9phones mobiles, recommandant \u00e0 la population de ne pas appeler des services d\u2019urgence d\u00e9bord\u00e9s \u00e0 moins que des vies ne soient en danger. Des attaques contre la police et les pompiers ont \u00e9t\u00e9 largement signal\u00e9es dans tout le pays. Dans la ville m\u00e9ridionale de Breda, des individus ont lanc\u00e9 des cocktails Molotov contre la police.<\/p>\n<p>                    Deux morts dans des accidents li\u00e9s aux feux d\u2019artifice                    <\/p>\n<p class=\"article__paragraph  \">Par ailleurs, deux personnes, un gar\u00e7on de 17 ans et un homme de 38 ans, ont \u00e9t\u00e9 tu\u00e9es dans des accidents li\u00e9s aux feux d\u2019artifice. Trois autres ont \u00e9t\u00e9 gri\u00e8vement bless\u00e9es.<\/p>\n<p class=\"article__paragraph  \">C\u2019\u00e9tait la derni\u00e8re ann\u00e9e avant une interdiction attendue des feux d\u2019artifice non autoris\u00e9s, si bien que les N\u00e9erlandais en ont achet\u00e9 en tr\u00e8s grandes quantit\u00e9s. Selon l\u2019Association n\u00e9erlandaise de pyrotechnie, les f\u00eatards ont d\u00e9pens\u00e9 un montant record de 129 millions d\u2019euros en feux d\u2019artifice pour la Saint-Sylvestre.<\/p>\n<p class=\"article__paragraph  \">La Saint-Sylvestre a \u00e9galement \u00e9t\u00e9 agit\u00e9e en Belgique\u00a0: la police a annonc\u00e9 avoir arr\u00eat\u00e9 70\u00a0personnes \u00e0 Bruxelles et avoir \u00e9t\u00e9 vis\u00e9e \u00ab\u00a0\u00e0 plusieurs reprises\u00a0\u00bb par des tirs de feux d\u2019artifice lors d\u2019interventions. Plus de 100 personnes, dont de nombreux mineurs, ont \u00e9galement \u00e9t\u00e9 interpell\u00e9es \u00e0 Anvers, pour avoir projet\u00e9 des feux d\u2019artifice en direction des forces de l\u2019ordre. La police a utilis\u00e9 des gaz lacrymog\u00e8nes en r\u00e9ponse. Un gar\u00e7on de 12 ans a \u00e9t\u00e9 gri\u00e8vement bless\u00e9 lors de cette soir\u00e9e.<\/p>\n<p>                                       Lire aussi |  Article r\u00e9serv\u00e9 \u00e0 nos abonn\u00e9s  <a href=\"https:\/\/www.lemonde.fr\/international\/article\/2025\/10\/17\/aux-pays-bas-els-rechts-l-influenceuse-qui-a-seme-la-violence-dans-les-rues-de-la-haye_6647794_3210.html\" class=\"js-article-read-also catcher--favoris__link\" data-premium=\"1\" id=\"article-title-3441651\" target=\"_blank\" rel=\"noopener\">\u00ab\u00a0Els Rechts\u00a0\u00bb, l\u2019influenceuse d\u2019extr\u00eame droite qui a sem\u00e9 la violence dans les rues des Pays-Bas<\/a>    <\/p>\n<p>   Lire plus tard  <\/p>\n<p class=\"author__detail\">  Le Monde avec AFP  <\/p>\n<p>                <a href=\"https:\/\/www.lemonde.fr\/syndication\/\" class=\"reuse__content\" title=\"R\u00e9utiliser ce contenu\" target=\"_blank\" rel=\"noopener\">R\u00e9utiliser ce contenu<\/a>      <\/p>\n","protected":false},"excerpt":{"rendered":"Un gigantesque incendie a ravag\u00e9 jeudi 1er janvier une \u00e9glise d\u2019Amsterdam datant du XIXe\u00a0si\u00e8cle. Le feu s\u2019est d\u00e9clar\u00e9&hellip;\n","protected":false},"author":2,"featured_media":634801,"comment_status":"","ping_status":"","sticky":false,"template":"","format":"standard","meta":{"footnotes":""},"categories":[5],"tags":[11,1011,27,14,12,28],"class_list":{"0":"post-634800","1":"post","2":"type-post","3":"status-publish","4":"format-standard","5":"has-post-thumbnail","7":"category-international","8":"tag-actualites","9":"tag-fr","10":"tag-france","11":"tag-international","12":"tag-news","13":"tag-world"},"share_on_mastodon":{"url":"https:\/\/pubeurope.com\/@fr\/115821548992295848","error":""},"_links":{"self":[{"href":"https:\/\/www.europesays.com\/fr\/wp-json\/wp\/v2\/posts\/634800","targetHints":{"allow":["GET"]}}],"collection":[{"href":"https:\/\/www.europesays.com\/fr\/wp-json\/wp\/v2\/posts"}],"about":[{"href":"https:\/\/www.europesays.com\/fr\/wp-json\/wp\/v2\/types\/post"}],"author":[{"embeddable":true,"href":"https:\/\/www.europesays.com\/fr\/wp-json\/wp\/v2\/users\/2"}],"replies":[{"embeddable":true,"href":"https:\/\/www.europesays.com\/fr\/wp-json\/wp\/v2\/comments?post=634800"}],"version-history":[{"count":0,"href":"https:\/\/www.europesays.com\/fr\/wp-json\/wp\/v2\/posts\/634800\/revisions"}],"wp:featuredmedia":[{"embeddable":true,"href":"https:\/\/www.europesays.com\/fr\/wp-json\/wp\/v2\/media\/634801"}],"wp:attachment":[{"href":"https:\/\/www.europesays.com\/fr\/wp-json\/wp\/v2\/media?parent=634800"}],"wp:term":[{"taxonomy":"category","embeddable":true,"href":"https:\/\/www.europesays.com\/fr\/wp-json\/wp\/v2\/categories?post=634800"},{"taxonomy":"post_tag","embeddable":true,"href":"https:\/\/www.europesays.com\/fr\/wp-json\/wp\/v2\/tags?post=634800"}],"curies":[{"name":"wp","href":"https:\/\/api.w.org\/{rel}","templated":true}]}}