{"id":634805,"date":"2026-01-01T19:44:22","date_gmt":"2026-01-01T19:44:22","guid":{"rendered":"https:\/\/www.europesays.com\/fr\/634805\/"},"modified":"2026-01-01T19:44:22","modified_gmt":"2026-01-01T19:44:22","slug":"ils-reprennent-lentreprise-initium-qui-les-a-formes","status":"publish","type":"post","link":"https:\/\/www.europesays.com\/fr\/634805\/","title":{"rendered":"ils reprennent l\u2019entreprise\u00a0Initium qui les a form\u00e9s"},"content":{"rendered":"<p>Voil\u00e0 une bien belle histoire \u00e0 raconter au pied du sapin mais elle n\u2019a rien d\u2019une fable. C\u2019est celle de deux jeunes \u00e9tudiants qui ont valid\u00e9 leur dipl\u00f4me en alternance au sein d\u2019une PME, il y a plus de 15 ans, et qui aujourd\u2019hui en reprennent les r\u00eanes (\u00e0 ne pas confondre avec les \u00ab\u00a0rennes\u00a0\u00bb de l\u2019autre belle histoire du sapin).<\/p>\n<p>Ces deux ex-jeunes \u00e9tudiants ont aujourd\u2019hui 38 et 37 ans. Ils s\u2019appellent Maud Servajean et Pierre Aubert. Ils ont \u00e9volu\u00e9 au fil des ann\u00e9es, grimp\u00e9 les \u00e9chelons mais n\u2019ont jamais quitt\u00e9 Initium, cette entreprise st\u00e9phanoise de 40 salari\u00e9s sp\u00e9cialis\u00e9e dans l\u2019agencement et cr\u00e9\u00e9e en 2007 par Jean-Francis Bonnard et Jacky&#8230;<\/p>\n","protected":false},"excerpt":{"rendered":"Voil\u00e0 une bien belle histoire \u00e0 raconter au pied du sapin mais elle n\u2019a rien d\u2019une fable. C\u2019est&hellip;\n","protected":false},"author":2,"featured_media":634806,"comment_status":"","ping_status":"","sticky":false,"template":"","format":"standard","meta":{"footnotes":""},"categories":[9653],"tags":[1111,11,2430,4749,33,7539,1777,674,1011,27,12,25,4001,7538],"class_list":{"0":"post-634805","1":"post","2":"type-post","3":"status-publish","4":"format-standard","5":"has-post-thumbnail","7":"category-saint-etienne","8":"tag-actu","9":"tag-actualites","10":"tag-auvergne-rhone-alpes","11":"tag-btp-et-chantiers","12":"tag-economie","13":"tag-edition-loire-sud","14":"tag-eu","15":"tag-europe","16":"tag-fr","17":"tag-france","18":"tag-news","19":"tag-republique-francaise","20":"tag-saint-etienne","21":"tag-saint-etienne-ville"},"share_on_mastodon":{"url":"https:\/\/pubeurope.com\/@fr\/115821560672722185","error":""},"_links":{"self":[{"href":"https:\/\/www.europesays.com\/fr\/wp-json\/wp\/v2\/posts\/634805","targetHints":{"allow":["GET"]}}],"collection":[{"href":"https:\/\/www.europesays.com\/fr\/wp-json\/wp\/v2\/posts"}],"about":[{"href":"https:\/\/www.europesays.com\/fr\/wp-json\/wp\/v2\/types\/post"}],"author":[{"embeddable":true,"href":"https:\/\/www.europesays.com\/fr\/wp-json\/wp\/v2\/users\/2"}],"replies":[{"embeddable":true,"href":"https:\/\/www.europesays.com\/fr\/wp-json\/wp\/v2\/comments?post=634805"}],"version-history":[{"count":0,"href":"https:\/\/www.europesays.com\/fr\/wp-json\/wp\/v2\/posts\/634805\/revisions"}],"wp:featuredmedia":[{"embeddable":true,"href":"https:\/\/www.europesays.com\/fr\/wp-json\/wp\/v2\/media\/634806"}],"wp:attachment":[{"href":"https:\/\/www.europesays.com\/fr\/wp-json\/wp\/v2\/media?parent=634805"}],"wp:term":[{"taxonomy":"category","embeddable":true,"href":"https:\/\/www.europesays.com\/fr\/wp-json\/wp\/v2\/categories?post=634805"},{"taxonomy":"post_tag","embeddable":true,"href":"https:\/\/www.europesays.com\/fr\/wp-json\/wp\/v2\/tags?post=634805"}],"curies":[{"name":"wp","href":"https:\/\/api.w.org\/{rel}","templated":true}]}}