{"id":634807,"date":"2026-01-01T19:45:11","date_gmt":"2026-01-01T19:45:11","guid":{"rendered":"https:\/\/www.europesays.com\/fr\/634807\/"},"modified":"2026-01-01T19:45:11","modified_gmt":"2026-01-01T19:45:11","slug":"de-saint-etienne-a-roubaix-le-nouveau-defi-de-nathanael-gounon","status":"publish","type":"post","link":"https:\/\/www.europesays.com\/fr\/634807\/","title":{"rendered":"de Saint-\u00c9tienne \u00e0 Roubaix, le nouveau d\u00e9fi de Nathana\u00ebl Gounon"},"content":{"rendered":"<p>Il y a encore deux ans, Nathana\u00ebl Gounon arpentait les couloirs du lyc\u00e9e Jean-Monnet \u00e0 Saint-\u00c9tienne, la cam\u00e9ra au poing. Entre\u00a02021 et\u00a02023, il y a forg\u00e9 sa passion au sein de la sp\u00e9cialit\u00e9 cin\u00e9ma audiovisuel. \u00ab\u00a0J\u2019ai ador\u00e9 ces ann\u00e9es, entre les cours d\u2019histoire du cin\u00e9ma de M. Ponthier et la pratique avec M. Ougergouz\u00a0\u00bb, confie-t-il. Un parcours lyc\u00e9en brillant, marqu\u00e9 par une semaine au 75e \u00a0Festival de Cannes et une s\u00e9lection au Festival de Sarlat pour son film du baccalaur\u00e9at.<\/p>\n<p>Un pont entre la Loire et le Nord<\/p>\n<p>Aujourd\u2019hui \u00e9tudiant en BTS audiovisuel option image du lyc\u00e9e Jean-Rostand de Roubaix, Nathana\u00ebl Gounon ne fait pas cavalier seul. Avec deux camarades, Tristan&#8230;<\/p>\n","protected":false},"excerpt":{"rendered":"Il y a encore deux ans, Nathana\u00ebl Gounon arpentait les couloirs du lyc\u00e9e Jean-Monnet \u00e0 Saint-\u00c9tienne, la cam\u00e9ra&hellip;\n","protected":false},"author":2,"featured_media":634808,"comment_status":"","ping_status":"","sticky":false,"template":"","format":"standard","meta":{"footnotes":""},"categories":[9653],"tags":[1111,11,2430,1687,7539,1777,674,1011,27,12,25,4001,7538],"class_list":{"0":"post-634807","1":"post","2":"type-post","3":"status-publish","4":"format-standard","5":"has-post-thumbnail","7":"category-saint-etienne","8":"tag-actu","9":"tag-actualites","10":"tag-auvergne-rhone-alpes","11":"tag-culture-loisirs","12":"tag-edition-loire-sud","13":"tag-eu","14":"tag-europe","15":"tag-fr","16":"tag-france","17":"tag-news","18":"tag-republique-francaise","19":"tag-saint-etienne","20":"tag-saint-etienne-ville"},"share_on_mastodon":{"url":"https:\/\/pubeurope.com\/@fr\/115821564640741200","error":""},"_links":{"self":[{"href":"https:\/\/www.europesays.com\/fr\/wp-json\/wp\/v2\/posts\/634807","targetHints":{"allow":["GET"]}}],"collection":[{"href":"https:\/\/www.europesays.com\/fr\/wp-json\/wp\/v2\/posts"}],"about":[{"href":"https:\/\/www.europesays.com\/fr\/wp-json\/wp\/v2\/types\/post"}],"author":[{"embeddable":true,"href":"https:\/\/www.europesays.com\/fr\/wp-json\/wp\/v2\/users\/2"}],"replies":[{"embeddable":true,"href":"https:\/\/www.europesays.com\/fr\/wp-json\/wp\/v2\/comments?post=634807"}],"version-history":[{"count":0,"href":"https:\/\/www.europesays.com\/fr\/wp-json\/wp\/v2\/posts\/634807\/revisions"}],"wp:featuredmedia":[{"embeddable":true,"href":"https:\/\/www.europesays.com\/fr\/wp-json\/wp\/v2\/media\/634808"}],"wp:attachment":[{"href":"https:\/\/www.europesays.com\/fr\/wp-json\/wp\/v2\/media?parent=634807"}],"wp:term":[{"taxonomy":"category","embeddable":true,"href":"https:\/\/www.europesays.com\/fr\/wp-json\/wp\/v2\/categories?post=634807"},{"taxonomy":"post_tag","embeddable":true,"href":"https:\/\/www.europesays.com\/fr\/wp-json\/wp\/v2\/tags?post=634807"}],"curies":[{"name":"wp","href":"https:\/\/api.w.org\/{rel}","templated":true}]}}