{"id":63482,"date":"2025-04-30T04:27:08","date_gmt":"2025-04-30T04:27:08","guid":{"rendered":"https:\/\/www.europesays.com\/fr\/63482\/"},"modified":"2025-04-30T04:27:08","modified_gmt":"2025-04-30T04:27:08","slug":"grenoble-les-tramways-et-les-bus-vont-ils-circuler-le-1er-mai-la-reponse","status":"publish","type":"post","link":"https:\/\/www.europesays.com\/fr\/63482\/","title":{"rendered":"Grenoble. Les tramways et les bus vont-ils circuler le 1er mai ? La r\u00e9ponse"},"content":{"rendered":"<p>            Par<br \/>\n        <strong><br \/>\n            <a href=\"https:\/\/actu.fr\/auteur\/julien-sournies\" title=\"Consulter tous les articles de Julien Sournies\" rel=\"nofollow noopener\" target=\"_blank\">Julien Sournies<\/a><br \/>\n        <\/strong><\/p>\n<p>        Publi\u00e9 le<\/p>\n<p>            30 avr. 2025 \u00e0 6h10        <\/p>\n<p>Il va falloir trouver une autre solution. Comme chaque ann\u00e9e \u00e0 l\u2019occasion de la F\u00eate du Travail, les transports en commun M r\u00e9so de l\u2019agglom\u00e9ration de <a href=\"https:\/\/actu.fr\/grenoble\/\" rel=\"nofollow noopener\" target=\"_blank\">Grenoble<\/a> (<a href=\"https:\/\/actu.fr\/auvergne-rhone-alpes\/isere_38\" rel=\"nofollow noopener\" target=\"_blank\">Is\u00e8re<\/a>) <strong>resteront au d\u00e9p\u00f4t<\/strong> ce jeudi 1er\u00a0mai 2025.<\/p>\n<p>Une manifestation \u00e0 Grenoble<\/p>\n<p class=\" wall-content\">En raison du jour f\u00e9ri\u00e9 qu\u2019est le 1er mai, les bus et tramways ne seront donc pas mis \u00e0 la circulation dans la capitale des Alpes.<\/p>\n<p class=\" wall-content\">\n<p class=\" wall-content\">De fait, les Grenoblois et les Grenobloises vont devoir pr\u00e9voir un autre moyen de transport pour se balader dans les rues. Des rues qui risquent par ailleurs d\u2019\u00eatre bruyantes ce jeudi, en d\u00e9pit de l\u2019absence de transports en commun.<\/p>\n<p class=\" wall-content\">Pour cause, la <strong>traditionnelle manifestation annuelle<\/strong> du 1\u1d49\u02b3 mai organis\u00e9e par les syndicats va d\u00e9buter \u00e0 compter de 10h au d\u00e9part de la gare (arriv\u00e9e Anneau de vitesse).<\/p>\n<p>La ligne A du tramway perturb\u00e9e ces derniers jours<\/p>\n<p class=\" wall-content\">\u00c0 noter \u00e9galement que le r\u00e9seau grenoblois est en proie \u00e0 <a href=\"https:\/\/actu.fr\/auvergne-rhone-alpes\/grenoble_38185\/grenoble-plusieurs-perturbations-sur-cette-ligne-de-tramway-voici-a-quoi-s-attendre_62565928.html\" rel=\"nofollow noopener\" target=\"_blank\">quelques perturbations<\/a> depuis le d\u00e9but de la semaine. En effet, depuis ce lundi 28\u00a0avril, la ligne A du tramway fait l\u2019objet d\u2019importantes perturbations en raison de travaux.<\/p>\n<p>Vid\u00e9os : en ce moment sur Actu<\/p>\n<p class=\" wall-content\">En cons\u00e9quence, plusieurs stations de tramway n\u2019ont<strong> plus \u00e9t\u00e9 desservies<\/strong> jusqu\u2019\u00e0 ce mercredi 30\u00a0avril.<\/p>\n<p class=\" wall-content\">Suivez toute l\u2019actualit\u00e9 de vos villes et m\u00e9dias favoris en vous inscrivant \u00e0 <a href=\"https:\/\/moncompte.actu.fr\" title=\"D\u00e9couvez Mon Actu\" rel=\"nofollow noopener\" data-trk=\"{&quot;cta&quot;:{&quot;action&quot;:&quot;https:\\\/\\\/moncompte.actu.fr&quot;,&quot;category&quot;:&quot;mon compte&quot;,&quot;from&quot;:&quot;article footer&quot;,&quot;name&quot;:&quot;Mon actu&quot;,&quot;type&quot;:&quot;cta&quot;}}\" target=\"_blank\">Mon Actu<\/a>.<\/p>\n<ul class=\"ac-article-tag wall-content\">\n<li><a href=\"https:\/\/actu.fr\/tag\/circulation\" data-trk=\"{&quot;cta&quot;:{&quot;action&quot;:&quot;Circulation&quot;,&quot;category&quot;:&quot;tag&quot;,&quot;from&quot;:&quot;article footer&quot;,&quot;name&quot;:&quot;Circulation&quot;,&quot;type&quot;:&quot;cta&quot;}}\" rel=\"nofollow noopener\" target=\"_blank\">#Circulation<\/a><\/li>\n<li><a href=\"https:\/\/actu.fr\/tag\/transport-de-lagglomeration-grenobloise-tag\" data-trk=\"{&quot;cta&quot;:{&quot;action&quot;:&quot;Transport de l&#039;agglom\\u00e9ration grenobloise (TAG)&quot;,&quot;category&quot;:&quot;tag&quot;,&quot;from&quot;:&quot;article footer&quot;,&quot;name&quot;:&quot;Transport de l&#039;agglom\\u00e9ration grenobloise (TAG)&quot;,&quot;type&quot;:&quot;cta&quot;}}\" rel=\"nofollow noopener\" target=\"_blank\">#Transport de l&rsquo;agglom\u00e9ration grenobloise (TAG)<\/a><\/li>\n<\/ul>\n","protected":false},"excerpt":{"rendered":"Par Julien Sournies Publi\u00e9 le 30 avr. 2025 \u00e0 6h10 Il va falloir trouver une autre solution. Comme&hellip;\n","protected":false},"author":2,"featured_media":63483,"comment_status":"","ping_status":"","sticky":false,"template":"","format":"standard","meta":{"footnotes":""},"categories":[9566],"tags":[1111,11,2430,3542,1777,674,1011,27,2731,12,25,104,8194],"class_list":{"0":"post-63482","1":"post","2":"type-post","3":"status-publish","4":"format-standard","5":"has-post-thumbnail","7":"category-grenoble","8":"tag-actu","9":"tag-actualites","10":"tag-auvergne-rhone-alpes","11":"tag-circulation","12":"tag-eu","13":"tag-europe","14":"tag-fr","15":"tag-france","16":"tag-grenoble","17":"tag-news","18":"tag-republique-francaise","19":"tag-societe","20":"tag-transport-de-lagglomeration-grenobloise-tag"},"share_on_mastodon":{"url":"https:\/\/pubeurope.com\/@fr\/114425026565477648","error":""},"_links":{"self":[{"href":"https:\/\/www.europesays.com\/fr\/wp-json\/wp\/v2\/posts\/63482","targetHints":{"allow":["GET"]}}],"collection":[{"href":"https:\/\/www.europesays.com\/fr\/wp-json\/wp\/v2\/posts"}],"about":[{"href":"https:\/\/www.europesays.com\/fr\/wp-json\/wp\/v2\/types\/post"}],"author":[{"embeddable":true,"href":"https:\/\/www.europesays.com\/fr\/wp-json\/wp\/v2\/users\/2"}],"replies":[{"embeddable":true,"href":"https:\/\/www.europesays.com\/fr\/wp-json\/wp\/v2\/comments?post=63482"}],"version-history":[{"count":0,"href":"https:\/\/www.europesays.com\/fr\/wp-json\/wp\/v2\/posts\/63482\/revisions"}],"wp:featuredmedia":[{"embeddable":true,"href":"https:\/\/www.europesays.com\/fr\/wp-json\/wp\/v2\/media\/63483"}],"wp:attachment":[{"href":"https:\/\/www.europesays.com\/fr\/wp-json\/wp\/v2\/media?parent=63482"}],"wp:term":[{"taxonomy":"category","embeddable":true,"href":"https:\/\/www.europesays.com\/fr\/wp-json\/wp\/v2\/categories?post=63482"},{"taxonomy":"post_tag","embeddable":true,"href":"https:\/\/www.europesays.com\/fr\/wp-json\/wp\/v2\/tags?post=63482"}],"curies":[{"name":"wp","href":"https:\/\/api.w.org\/{rel}","templated":true}]}}