{"id":634828,"date":"2026-01-01T19:56:09","date_gmt":"2026-01-01T19:56:09","guid":{"rendered":"https:\/\/www.europesays.com\/fr\/634828\/"},"modified":"2026-01-01T19:56:09","modified_gmt":"2026-01-01T19:56:09","slug":"deux-accidents-sur-la-4-voies-pres-de-vitre","status":"publish","type":"post","link":"https:\/\/www.europesays.com\/fr\/634828\/","title":{"rendered":"deux accidents sur la 4 voies pr\u00e8s de Vitr\u00e9"},"content":{"rendered":"<p>                    Par<br \/>\n        <strong><br \/>\n            <a href=\"https:\/\/actu.fr\/auteur\/leo-gautret-actu-fr\" title=\"Consulter tous les articles de L\u00e9o Gautret\" target=\"_blank\" rel=\"noopener\">L\u00e9o Gautret<\/a><br \/>\n                    <\/strong><\/p>\n<p>        Publi\u00e9 le<\/p>\n<p>            1 janv. 2026 \u00e0 18h46        <\/p>\n<p>Un <b>accident<\/b> s\u2019est produit vers <b>18\u2009h\u200950, mercredi 31\u00a0d\u00e9cembre <\/b>2025, sur la <b>RN157,<\/b> \u00e0 hauteur de <b>Saint-Didier<\/b> (Ille-et-Vilaine).<\/p>\n<p class=\" wall-content\">Un conducteur qui roulait en direction de Rennes a perdu le contr\u00f4le de son v\u00e9hicule et termin\u00e9 sa course sur l\u2019accotement.<\/p>\n<p class=\" wall-content\">Le Centre op\u00e9rationnel d\u00e9partemental d\u2019incendie et de secours (Codis) n\u2019\u00e9voque pas de prise en charge de bless\u00e9.<\/p>\n<p>Un bouchon de 2\u00a0km<\/p>\n<p class=\" wall-content\">La circulation a \u00e9t\u00e9 r\u00e9duite \u00e0 une voie le temps de permettre aux secours d\u2019intervenir.<\/p>\n<p class=\" wall-content\">Un <b>bouchon de deux kilom\u00e8tres<\/b> s\u2019est form\u00e9 jusqu\u2019\u00e0 20\u2009h.<\/p>\n<p>Vid\u00e9os : en ce moment sur Actu<\/p>\n<p class=\" wall-content\">Un <b>second accident <\/b>s\u2019est produit le lendemain,<b> vers 13\u2009h\u200915,<\/b> \u00e0 hauteur de Mondevert, en direction de Laval.<\/p>\n<p class=\" wall-content\"><b>Deux voitures sont impliqu\u00e9es. <\/b>Aucun dommage corporel n\u2019est \u00e9voqu\u00e9 par les pompiers.<\/p>\n<p>Votre r\u00e9gion, votre actu !<\/p>\n<p>Recevez chaque jour les infos qui comptent pour vous.<\/p>\n<p>\t<a href=\"https:\/\/actu.fr\/newsletter\" class=\"ac-btn ac-btn--corner ac-btn--medium ac-btn--blue800\" target=\"_blank\" rel=\"noopener\">S&rsquo;incrire<\/a><\/p>\n<p class=\" wall-content\">La circulation a une nouvelle fois \u00e9t\u00e9 r\u00e9duite \u00e0 une voie le temps de l\u2019intervention des secours, qui s\u2019est achev\u00e9e vers 14\u2009h\u200935.<\/p>\n<p class=\" wall-content\">Personnalisez votre actualit\u00e9 en ajoutant vos villes et m\u00e9dias en favori avec <a href=\"https:\/\/moncompte.actu.fr\" title=\"D\u00e9couvez Mon Actu\" rel=\"nofollow noopener\" data-trk=\"{&quot;cta&quot;:{&quot;action&quot;:&quot;https:\\\/\\\/moncompte.actu.fr&quot;,&quot;category&quot;:&quot;mon compte&quot;,&quot;from&quot;:&quot;article footer&quot;,&quot;name&quot;:&quot;Mon actu&quot;,&quot;type&quot;:&quot;cta&quot;}}\" target=\"_blank\">Mon Actu<\/a>.<\/p>\n","protected":false},"excerpt":{"rendered":"Par L\u00e9o Gautret Publi\u00e9 le 1 janv. 2026 \u00e0 18h46 Un accident s\u2019est produit vers 18\u2009h\u200950, mercredi 31\u00a0d\u00e9cembre&hellip;\n","protected":false},"author":2,"featured_media":634829,"comment_status":"","ping_status":"","sticky":false,"template":"","format":"standard","meta":{"footnotes":""},"categories":[2821],"tags":[119,1111,11,829,1777,674,118,1011,27,12,584,25],"class_list":{"0":"post-634828","1":"post","2":"type-post","3":"status-publish","4":"format-standard","5":"has-post-thumbnail","7":"category-rennes","8":"tag-accident","9":"tag-actu","10":"tag-actualites","11":"tag-bretagne","12":"tag-eu","13":"tag-europe","14":"tag-faits-divers","15":"tag-fr","16":"tag-france","17":"tag-news","18":"tag-rennes","19":"tag-republique-francaise"},"share_on_mastodon":{"url":"https:\/\/pubeurope.com\/@fr\/115821607836223435","error":""},"_links":{"self":[{"href":"https:\/\/www.europesays.com\/fr\/wp-json\/wp\/v2\/posts\/634828","targetHints":{"allow":["GET"]}}],"collection":[{"href":"https:\/\/www.europesays.com\/fr\/wp-json\/wp\/v2\/posts"}],"about":[{"href":"https:\/\/www.europesays.com\/fr\/wp-json\/wp\/v2\/types\/post"}],"author":[{"embeddable":true,"href":"https:\/\/www.europesays.com\/fr\/wp-json\/wp\/v2\/users\/2"}],"replies":[{"embeddable":true,"href":"https:\/\/www.europesays.com\/fr\/wp-json\/wp\/v2\/comments?post=634828"}],"version-history":[{"count":0,"href":"https:\/\/www.europesays.com\/fr\/wp-json\/wp\/v2\/posts\/634828\/revisions"}],"wp:featuredmedia":[{"embeddable":true,"href":"https:\/\/www.europesays.com\/fr\/wp-json\/wp\/v2\/media\/634829"}],"wp:attachment":[{"href":"https:\/\/www.europesays.com\/fr\/wp-json\/wp\/v2\/media?parent=634828"}],"wp:term":[{"taxonomy":"category","embeddable":true,"href":"https:\/\/www.europesays.com\/fr\/wp-json\/wp\/v2\/categories?post=634828"},{"taxonomy":"post_tag","embeddable":true,"href":"https:\/\/www.europesays.com\/fr\/wp-json\/wp\/v2\/tags?post=634828"}],"curies":[{"name":"wp","href":"https:\/\/api.w.org\/{rel}","templated":true}]}}