{"id":634832,"date":"2026-01-01T19:59:12","date_gmt":"2026-01-01T19:59:12","guid":{"rendered":"https:\/\/www.europesays.com\/fr\/634832\/"},"modified":"2026-01-01T19:59:12","modified_gmt":"2026-01-01T19:59:12","slug":"strasbourg-amani-premiere-nee-de-lannee-2026-a-strasbourg-a-1-h-53","status":"publish","type":"post","link":"https:\/\/www.europesays.com\/fr\/634832\/","title":{"rendered":"Strasbourg. Amani, premi\u00e8re n\u00e9e de l\u2019ann\u00e9e 2026 \u00e0 Strasbourg, \u00e0 1\u00a0h\u00a053"},"content":{"rendered":"<p>\u00c0 peine n\u00e9e, Amani, 3,5\u00a0kg, 49\u00a0cm, a d\u00e9j\u00e0 fait provision de c\u00e2lins, accueillie avec tendresse par sa grande s\u0153ur Sofine, 4 ans et demi, et son grand fr\u00e8re Souleyman, 3 ans. Ils sont \u00ab\u00a0tr\u00e8s contents\u00a0\u00bb de l\u2019arriv\u00e9e de cette nouvelle partenaire de jeux qu\u2019ils c\u00e9l\u00e8brent en cabrioles sur le lit.<\/p>\n<p>Ils ne s\u2019en souviennent pas, mais eux aussi ont vu le jour \u00e0 la clinique Sainte-Anne. Tout comme leur papa Ala Eddine Foughali-Atti, pharmacien. Leur maman, Marion Roth, enseignante, est la seule haut-rhinoise (de Cernay) de cette famille install\u00e9e \u00e0 Strasbourg.<\/p>\n<p>\u00ab\u00a0Amani est arriv\u00e9e tr\u00e8s vite et sans p\u00e9ridurale, comme sa s\u0153ur et son fr\u00e8re\u00a0\u00bb, raconte Marion en ber\u00e7ant son b\u00e9b\u00e9. La petite diff\u00e9rence \u00e9tait sans doute \u00ab\u00a0les feux d\u2019artifice qu\u2019on entendait claquer partout\u00a0\u00bb et \u00ab\u00a0l\u2019odeur de la pierrade en arrivant \u00e0 la clinique, parce que les personnels mangeaient tous ensemble\u00a0\u00bb, observe-t-elle. \u00ab\u00a0\u00c7a nous a permis de voir qu\u2019il y avait du monde, \u00e7a nous a rassur\u00e9s\u00a0\u00bb, rench\u00e9rit Ala Eddine.<\/p>\n<p>L\u2019exp\u00e9rience aidant, le couple semble particuli\u00e8rement serein, davantage qu\u2019\u00e0 la naissance de sa premi\u00e8re fille &#8211; en pleine crise du Covid \u2013 ou de son gar\u00e7on, seulement 15 mois plus tard. \u00ab\u00a0On avait tout pr\u00e9par\u00e9 six mois avant\u2026 Pour Amani, il y a moins de superflu, on sait ce dont on a besoin\u00a0\u00bb remarque la jeune maman. Le pr\u00e9nom, lui, \u00e9tait choisi\u00a0: \u00ab\u00a0Amani est un pr\u00e9nom arabe et swahili dont la racine \u00ab\u00a0Aman\u00a0\u00bb signifie la paix, la s\u00e9curit\u00e9 et \u00ab\u00a0Amani\u00a0\u00bb, celle qu\u2019on souhaite, qu\u2019on d\u00e9sire\u00a0\u00bb, explique-t-elle.<\/p>\n<p>  Trois autres naissances ce 1er \u00a0janvier<\/p>\n<p>Marion devrait reprendre le travail au printemps. \u00ab\u00a0J\u2019esp\u00e8re que je pourrai b\u00e9n\u00e9ficier du <a href=\"https:\/\/www.dna.fr\/politique\/2025\/11\/13\/les-deputes-approuvent-un-nouveau-conge-de-naissance-dans-un-budget-de-la-secu-largement-remanie\" target=\"_blank\" rel=\"noopener\">nouveau cong\u00e9 de naissance<\/a> \u00a0\u00bb, indique de son c\u00f4t\u00e9 Ala Eddine. Destin\u00e9 aux parents d\u2019enfants n\u00e9s ou adopt\u00e9s \u00e0 partir du 1 er \u00a0septembre 2026 (ou dont la naissance \u00e9tait pr\u00e9vue \u00e0 partir de cette date), ce cong\u00e9 entrera en vigueur le 1 er \u00a0juillet prochain, mais il sera r\u00e9troactif. Il permet \u00e0 la m\u00e8re et au p\u00e8re de b\u00e9n\u00e9ficier de deux mois de cong\u00e9 r\u00e9mun\u00e9r\u00e9.<\/p>\n<p>Du temps bien utile pour ces parents actifs, \u00e0 la t\u00eate d\u2019une famille nombreuse, mod\u00e8le de plus en plus rare en France. <a href=\"http:\/\/www.dna.fr\/societe\/2025\/07\/31\/la-natalite-toujours-en-berne-sur-les-six-premiers-mois-de-2025#:~:text=Depuis%202022%252C%20le%20nombre%20de,estimation%20r%C3%A9vis%C3%A9e%20de%20l&#039;Insee.\" target=\"_blank\" rel=\"nofollow noopener\">La baisse de la natalit\u00e9<\/a> se ressent bien entendu \u00e0 la clinique Sainte-Anne, dont la maternit\u00e9 a enregistr\u00e9 en 2025 pr\u00e8s de 96 naissances de moins qu\u2019en 2024, soit une d\u00e9crue de plus de 6\u00a0%.<\/p>\n<p>La maternit\u00e9 a \u00e9galement vu na\u00eetre, dans la nuit, \u00e0 5\u00a0h\u00a040, un petit gar\u00e7on. Mais le deuxi\u00e8me b\u00e9b\u00e9 de l\u2019ann\u00e9e, \u00e0 Strasbourg, a vu le jour \u00e0 l\u2019h\u00f4pital de Hautepierre (2\u00a0h\u00a032) et le troisi\u00e8me \u00e0 Rh\u00e9na (2\u00a0h\u00a055).<\/p>\n","protected":false},"excerpt":{"rendered":"\u00c0 peine n\u00e9e, Amani, 3,5\u00a0kg, 49\u00a0cm, a d\u00e9j\u00e0 fait provision de c\u00e2lins, accueillie avec tendresse par sa grande&hellip;\n","protected":false},"author":2,"featured_media":634833,"comment_status":"","ping_status":"","sticky":false,"template":"","format":"standard","meta":{"footnotes":""},"categories":[2820],"tags":[1111,11,2389,9223,2880,1777,674,107,1011,27,775,198,12,25,104,640,2879],"class_list":{"0":"post-634832","1":"post","2":"type-post","3":"status-publish","4":"format-standard","5":"has-post-thumbnail","7":"category-strasbourg","8":"tag-actu","9":"tag-actualites","10":"tag-alsace","11":"tag-carnet-du-jour","12":"tag-edition-strasbourg","13":"tag-eu","14":"tag-europe","15":"tag-fil-info","16":"tag-fr","17":"tag-france","18":"tag-grand-est","19":"tag-naissance","20":"tag-news","21":"tag-republique-francaise","22":"tag-societe","23":"tag-strasbourg","24":"tag-strasbourg-ville"},"share_on_mastodon":{"url":"https:\/\/pubeurope.com\/@fr\/115821619862096784","error":""},"_links":{"self":[{"href":"https:\/\/www.europesays.com\/fr\/wp-json\/wp\/v2\/posts\/634832","targetHints":{"allow":["GET"]}}],"collection":[{"href":"https:\/\/www.europesays.com\/fr\/wp-json\/wp\/v2\/posts"}],"about":[{"href":"https:\/\/www.europesays.com\/fr\/wp-json\/wp\/v2\/types\/post"}],"author":[{"embeddable":true,"href":"https:\/\/www.europesays.com\/fr\/wp-json\/wp\/v2\/users\/2"}],"replies":[{"embeddable":true,"href":"https:\/\/www.europesays.com\/fr\/wp-json\/wp\/v2\/comments?post=634832"}],"version-history":[{"count":0,"href":"https:\/\/www.europesays.com\/fr\/wp-json\/wp\/v2\/posts\/634832\/revisions"}],"wp:featuredmedia":[{"embeddable":true,"href":"https:\/\/www.europesays.com\/fr\/wp-json\/wp\/v2\/media\/634833"}],"wp:attachment":[{"href":"https:\/\/www.europesays.com\/fr\/wp-json\/wp\/v2\/media?parent=634832"}],"wp:term":[{"taxonomy":"category","embeddable":true,"href":"https:\/\/www.europesays.com\/fr\/wp-json\/wp\/v2\/categories?post=634832"},{"taxonomy":"post_tag","embeddable":true,"href":"https:\/\/www.europesays.com\/fr\/wp-json\/wp\/v2\/tags?post=634832"}],"curies":[{"name":"wp","href":"https:\/\/api.w.org\/{rel}","templated":true}]}}