{"id":63484,"date":"2025-04-30T04:28:14","date_gmt":"2025-04-30T04:28:14","guid":{"rendered":"https:\/\/www.europesays.com\/fr\/63484\/"},"modified":"2025-04-30T04:28:14","modified_gmt":"2025-04-30T04:28:14","slug":"retour-sur-ses-grands-concerts-a-grenoble-au-aluna-festival-a-chambery","status":"publish","type":"post","link":"https:\/\/www.europesays.com\/fr\/63484\/","title":{"rendered":"retour sur ses grands concerts \u00e0 Grenoble, au Aluna Festival, \u00e0 Chamb\u00e9ry&#8230;"},"content":{"rendered":"<p>26 albums, 15 millions de disques vendus, quatre Victoires de la musique\u2026 Le succ\u00e8s de Renaud n\u2019est plus \u00e0 d\u00e9montrer. Une carri\u00e8re lanc\u00e9e il y a un demi-si\u00e8cle, en avril 1975, avec la sortie de sa toute premi\u00e8re chanson, \u00ab\u00a0Amoureux de Paname\u00a0\u00bb. Au moment de f\u00eater ses 50 ans de carri\u00e8re, l&rsquo;artiste pr\u00e9voit, pour d\u00e9but 2026, la sortie du 17e disque de sa carri\u00e8re, consacr\u00e9 en partie \u00e0 George Floyd, \u00e0 sa fille Lolita et \u00e0 son fils Malone.<\/p>\n<p>De \u00ab Mistral Gagnant \u00bb \u00e0 \u00ab Hexagone \u00bb en passant par \u00ab La Ballade nord-irlandaise \u00bb, retour en images sur 50 ans de carri\u00e8re dans nos d\u00e9partements.<\/p>\n","protected":false},"excerpt":{"rendered":"26 albums, 15 millions de disques vendus, quatre Victoires de la musique\u2026 Le succ\u00e8s de Renaud n\u2019est plus&hellip;\n","protected":false},"author":2,"featured_media":63485,"comment_status":"","ping_status":"","sticky":false,"template":"","format":"standard","meta":{"footnotes":""},"categories":[9566],"tags":[1111,11,16200,4646,2430,5509,12844,1687,4645,7001,112,4521,116,3859,1777,674,107,1011,27,329,1085,16204,2731,2732,108,16205,6225,16199,873,12,16203,25,16202,5508,273,16201,4520],"class_list":{"0":"post-63484","1":"post","2":"type-post","3":"status-publish","4":"format-standard","5":"has-post-thumbnail","7":"category-grenoble","8":"tag-actu","9":"tag-actualites","10":"tag-aluna-festival","11":"tag-ardeche","12":"tag-auvergne-rhone-alpes","13":"tag-chambery","14":"tag-chambery-bassin","15":"tag-culture-loisirs","16":"tag-edition-aubenas-privas-vallee-du-rhone","17":"tag-edition-chambery-aix-les-bains","18":"tag-edition-grenoble-agglomeration","19":"tag-edition-hautes-alpes-alpes-de-haute-provence","20":"tag-edition-la-tour-du-pin-nord-dauphine","21":"tag-edition-provencale","22":"tag-eu","23":"tag-europe","24":"tag-fil-info","25":"tag-fr","26":"tag-france","27":"tag-france-monde","28":"tag-gap","29":"tag-gap-bassin","30":"tag-grenoble","31":"tag-grenoble-bassin","32":"tag-isere","33":"tag-lisle-sur-la-sorgue","34":"tag-la-matinale","35":"tag-le-web-remonte-le-temps","36":"tag-musique","37":"tag-news","38":"tag-porcieu-amblagnieu","39":"tag-republique-francaise","40":"tag-ruoms","41":"tag-savoie","42":"tag-selection-de-la-redaction","43":"tag-vaison-la-romaine","44":"tag-vaucluse"},"share_on_mastodon":{"url":"","error":"Validation failed: Text character limit of 500 exceeded"},"_links":{"self":[{"href":"https:\/\/www.europesays.com\/fr\/wp-json\/wp\/v2\/posts\/63484","targetHints":{"allow":["GET"]}}],"collection":[{"href":"https:\/\/www.europesays.com\/fr\/wp-json\/wp\/v2\/posts"}],"about":[{"href":"https:\/\/www.europesays.com\/fr\/wp-json\/wp\/v2\/types\/post"}],"author":[{"embeddable":true,"href":"https:\/\/www.europesays.com\/fr\/wp-json\/wp\/v2\/users\/2"}],"replies":[{"embeddable":true,"href":"https:\/\/www.europesays.com\/fr\/wp-json\/wp\/v2\/comments?post=63484"}],"version-history":[{"count":0,"href":"https:\/\/www.europesays.com\/fr\/wp-json\/wp\/v2\/posts\/63484\/revisions"}],"wp:featuredmedia":[{"embeddable":true,"href":"https:\/\/www.europesays.com\/fr\/wp-json\/wp\/v2\/media\/63485"}],"wp:attachment":[{"href":"https:\/\/www.europesays.com\/fr\/wp-json\/wp\/v2\/media?parent=63484"}],"wp:term":[{"taxonomy":"category","embeddable":true,"href":"https:\/\/www.europesays.com\/fr\/wp-json\/wp\/v2\/categories?post=63484"},{"taxonomy":"post_tag","embeddable":true,"href":"https:\/\/www.europesays.com\/fr\/wp-json\/wp\/v2\/tags?post=63484"}],"curies":[{"name":"wp","href":"https:\/\/api.w.org\/{rel}","templated":true}]}}