{"id":634842,"date":"2026-01-01T20:05:14","date_gmt":"2026-01-01T20:05:14","guid":{"rendered":"https:\/\/www.europesays.com\/fr\/634842\/"},"modified":"2026-01-01T20:05:14","modified_gmt":"2026-01-01T20:05:14","slug":"les-toiles-de-nadia-benabbas-entre-maroc-et-france-exposees-a-cauderan","status":"publish","type":"post","link":"https:\/\/www.europesays.com\/fr\/634842\/","title":{"rendered":"les toiles de Nadia Benabbas entre Maroc et France expos\u00e9es \u00e0 Caud\u00e9ran"},"content":{"rendered":"<p>Une exposition d\u2019une quarantaine de peintures et textes issus d\u2019un travail document\u00e9 et de son parcours de vie entre le Maroc et la France. Nadia Benabbas, artiste peintre n\u00e9e en Alg\u00e9rie, \u00e0 Constantine, \u00ab\u00a0ville des ponts\u00a0\u00bb, n\u2019a eu de cesse de passer \u00ab\u00a0d\u2019une rive \u00e0 l\u2019autre\u00a0\u00bb tout au long de sa vie.<\/p>\n<p>\u00ab\u00a0Ces nombreux va-et-vient entre l\u2019Afrique et l\u2019Europe avec une longue halte au Maroc, d\u2019un style de peinture et d\u2019\u00e9criture \u00e0 l\u2019autre, d\u2019une inspiration avec un i minuscule \u00e0 une Inspiration avec un I majuscule, d\u00e9taille-t-elle. Toujours guid\u00e9e par un besoin imp\u00e9rieux de main tendue pour accueillir l\u2019autre\u00a0: moi, sur une rive, toi que je rencontre, sur l\u2019autre rive.\u00a0\u00bb<\/p>\n<p>C\u2019est au travers de ses mots qu\u2019elle d\u00e9finit le mieux son art, qui laisse tout un chacun esquisser une escapade et voyager au travers de ses toiles flamboyantes.<\/p>\n","protected":false},"excerpt":{"rendered":"Une exposition d\u2019une quarantaine de peintures et textes issus d\u2019un travail document\u00e9 et de son parcours de vie&hellip;\n","protected":false},"author":2,"featured_media":634843,"comment_status":"","ping_status":"","sticky":false,"template":"","format":"standard","meta":{"footnotes":""},"categories":[2817],"tags":[1111,11,1997,1777,674,1011,27,12,2219,25],"class_list":{"0":"post-634842","1":"post","2":"type-post","3":"status-publish","4":"format-standard","5":"has-post-thumbnail","7":"category-bordeaux","8":"tag-actu","9":"tag-actualites","10":"tag-bordeaux","11":"tag-eu","12":"tag-europe","13":"tag-fr","14":"tag-france","15":"tag-news","16":"tag-nouvelle-aquitaine","17":"tag-republique-francaise"},"share_on_mastodon":{"url":"https:\/\/pubeurope.com\/@fr\/115821643264011202","error":""},"_links":{"self":[{"href":"https:\/\/www.europesays.com\/fr\/wp-json\/wp\/v2\/posts\/634842","targetHints":{"allow":["GET"]}}],"collection":[{"href":"https:\/\/www.europesays.com\/fr\/wp-json\/wp\/v2\/posts"}],"about":[{"href":"https:\/\/www.europesays.com\/fr\/wp-json\/wp\/v2\/types\/post"}],"author":[{"embeddable":true,"href":"https:\/\/www.europesays.com\/fr\/wp-json\/wp\/v2\/users\/2"}],"replies":[{"embeddable":true,"href":"https:\/\/www.europesays.com\/fr\/wp-json\/wp\/v2\/comments?post=634842"}],"version-history":[{"count":0,"href":"https:\/\/www.europesays.com\/fr\/wp-json\/wp\/v2\/posts\/634842\/revisions"}],"wp:featuredmedia":[{"embeddable":true,"href":"https:\/\/www.europesays.com\/fr\/wp-json\/wp\/v2\/media\/634843"}],"wp:attachment":[{"href":"https:\/\/www.europesays.com\/fr\/wp-json\/wp\/v2\/media?parent=634842"}],"wp:term":[{"taxonomy":"category","embeddable":true,"href":"https:\/\/www.europesays.com\/fr\/wp-json\/wp\/v2\/categories?post=634842"},{"taxonomy":"post_tag","embeddable":true,"href":"https:\/\/www.europesays.com\/fr\/wp-json\/wp\/v2\/tags?post=634842"}],"curies":[{"name":"wp","href":"https:\/\/api.w.org\/{rel}","templated":true}]}}