{"id":634846,"date":"2026-01-01T20:07:09","date_gmt":"2026-01-01T20:07:09","guid":{"rendered":"https:\/\/www.europesays.com\/fr\/634846\/"},"modified":"2026-01-01T20:07:09","modified_gmt":"2026-01-01T20:07:09","slug":"concert-du-nouvel-an-onofri-a-toulouse-en-2026-sokhiev-a-vienne-en-2027","status":"publish","type":"post","link":"https:\/\/www.europesays.com\/fr\/634846\/","title":{"rendered":"Concert du Nouvel An\u00a0: Onofri \u00e0 Toulouse en 2026, Sokhiev \u00e0 Vienne en 2027"},"content":{"rendered":"<p>\n                                                                    l&rsquo;essentiel<br \/>\n                                                                6\u00a0600 m\u00e9lomanes vont assister aux trois repr\u00e9sentations du concert du Nouvel An 2026 \u00e0 Toulouse. En 2027, l\u2019ancien directeur musical de l\u2019Orchestre national du Capitole, Tugan Sokhiev, dirigera pour la premi\u00e8re fois le concert du Nouvel An \u00e0 Vienne.\n                            <\/p>\n<p>C\u2019est une tradition qui ne se perd pas. Chaque ann\u00e9e depuis Michel Plasson, la Halle aux Grains fait salle comble pour le concert du Nouvel An. Trois dates compl\u00e8tes les 31\u00a0d\u00e9cembre, 1er et 2\u00a0janvier, sont de bon augure pour la saison musicale qui reprendra de plus belle en janvier.<\/p>\n<p class=\"std-elt__inline\">\n        <strong>\u00c0 lire aussi :<\/strong><br \/>\n        <a href=\"https:\/\/www.ladepeche.fr\/2025\/12\/29\/deux-compositeurs-epicuriens-pour-le-concert-du-nouvel-an-jean-baptiste-fra-delegue-general-de-lorchestre-national-du-capitole-13135344.php\" target=\"_blank\" rel=\"noopener\">\u00a0\u00bb Deux compositeurs \u00e9picuriens pour le concert du Nouvel An \u00a0\u00bb\u00a0: Jean-Baptiste Fra, d\u00e9l\u00e9gu\u00e9 g\u00e9n\u00e9ral de l\u2019Orchestre national du Capitole<\/a>\n    <\/p>\n<p>Avec 6\u00a0600 spectateurs en trois jours, l\u2019Orchestre national du Capitole est port\u00e9 par un \u00e9lan populaire. \u00c0 sa t\u00eate, le chef italien Enrico Onofri a su donner fantaisie et virtuosit\u00e9 \u00e0 cette musique de f\u00eate. \u00ab\u00a0Marche\u00a0\u00bb et c\u00e9l\u00e9brissime \u00ab\u00a0Symphonie n\u00b0\u00a040\u00a0\u00bb de Mozart ont donn\u00e9 le tempo avant les plus beaux airs d\u2019op\u00e9ra de Rossini. L\u2019illustre ouverture du \u00ab\u00a0Barbier de S\u00e9ville\u00a0\u00bb, l\u2019air \u00ab\u00a0Bel raggio lusinghier\u00a0\u00bb de \u00ab\u00a0Semiramide\u00a0\u00bb, superbement interpr\u00e9t\u00e9 par la soprano australienne Siobhan Stagg, la m\u00e9lodieuse ouverture de \u00ab\u00a0L\u2019Italienne \u00e0 Alger\u00a0\u00bb ou celle plus tonitruante de \u00ab\u00a0Guillaume Tell\u00a0\u00bb ont s\u00e9duit un public enthousiaste.<\/p>\n<p>Des rappels nourris ont permis aux spectateurs de se plonger dans l\u2019ambiance viennoise avec \u00ab\u00a0Le Beau Danube bleu\u00a0\u00bb de Johann Strauss. Un clin d\u2019\u0153il peut-\u00eatre d\u2019Enrico Onofri au plus toulousain des chefs d\u2019orchestre russe\u2026<\/p>\n<p class=\"std-elt__inline\">\n        <strong>\u00c0 lire aussi :<\/strong><br \/>\n        <a href=\"https:\/\/www.ladepeche.fr\/2025\/12\/10\/lespagne-resonne-en-moi-thibaut-garcia-est-deux-fois-linvite-de-la-saison-des-grands-interpretes-a-toulouse-13081354.php\" target=\"_blank\" rel=\"noopener\">\u00ab\u00a0L\u2019Espagne r\u00e9sonne en moi\u00a0\u00bb\u00a0: Thibaut Garcia est deux fois l\u2019invit\u00e9 de la saison des Grands Interpr\u00e8tes \u00e0 Toulouse<\/a>\n    <\/p>\n<p>Apr\u00e8s avoir dirig\u00e9 de nombreuses fois le concert du Nouvel An \u00e0 Toulouse, lorsqu\u2019il \u00e9tait directeur musical de l\u2019Orchestre national du Capitole, Tugan Sokhiev dirigera pour la premi\u00e8re fois le concert du Nouvel An \u00e0 Vienne, en 2027. L\u2019annonce a \u00e9t\u00e9 faite \u00e0 l\u2019issue de la diffusion t\u00e9l\u00e9vis\u00e9e du concert du Nouvel An 2026 par l\u2019Orchestre philharmonique de Vienne qui \u00e9tait dirig\u00e9, cette ann\u00e9e, pour la premi\u00e8re fois aussi par le chef qu\u00e9b\u00e9cois Yannick N\u00e9zet-S\u00e9guin.<\/p>\n","protected":false},"excerpt":{"rendered":"l&rsquo;essentiel 6\u00a0600 m\u00e9lomanes vont assister aux trois repr\u00e9sentations du concert du Nouvel An 2026 \u00e0 Toulouse. En 2027,&hellip;\n","protected":false},"author":2,"featured_media":634847,"comment_status":"","ping_status":"","sticky":false,"template":"","format":"standard","meta":{"footnotes":""},"categories":[2816],"tags":[1111,11,58,1777,674,1011,27,2722,873,12,2680,25,2312],"class_list":{"0":"post-634846","1":"post","2":"type-post","3":"status-publish","4":"format-standard","5":"has-post-thumbnail","7":"category-toulouse","8":"tag-actu","9":"tag-actualites","10":"tag-divertissement","11":"tag-eu","12":"tag-europe","13":"tag-fr","14":"tag-france","15":"tag-haute-garonne","16":"tag-musique","17":"tag-news","18":"tag-occitanie","19":"tag-republique-francaise","20":"tag-toulouse"},"share_on_mastodon":{"url":"https:\/\/pubeurope.com\/@fr\/115821651139711448","error":""},"_links":{"self":[{"href":"https:\/\/www.europesays.com\/fr\/wp-json\/wp\/v2\/posts\/634846","targetHints":{"allow":["GET"]}}],"collection":[{"href":"https:\/\/www.europesays.com\/fr\/wp-json\/wp\/v2\/posts"}],"about":[{"href":"https:\/\/www.europesays.com\/fr\/wp-json\/wp\/v2\/types\/post"}],"author":[{"embeddable":true,"href":"https:\/\/www.europesays.com\/fr\/wp-json\/wp\/v2\/users\/2"}],"replies":[{"embeddable":true,"href":"https:\/\/www.europesays.com\/fr\/wp-json\/wp\/v2\/comments?post=634846"}],"version-history":[{"count":0,"href":"https:\/\/www.europesays.com\/fr\/wp-json\/wp\/v2\/posts\/634846\/revisions"}],"wp:featuredmedia":[{"embeddable":true,"href":"https:\/\/www.europesays.com\/fr\/wp-json\/wp\/v2\/media\/634847"}],"wp:attachment":[{"href":"https:\/\/www.europesays.com\/fr\/wp-json\/wp\/v2\/media?parent=634846"}],"wp:term":[{"taxonomy":"category","embeddable":true,"href":"https:\/\/www.europesays.com\/fr\/wp-json\/wp\/v2\/categories?post=634846"},{"taxonomy":"post_tag","embeddable":true,"href":"https:\/\/www.europesays.com\/fr\/wp-json\/wp\/v2\/tags?post=634846"}],"curies":[{"name":"wp","href":"https:\/\/api.w.org\/{rel}","templated":true}]}}