{"id":634854,"date":"2026-01-01T20:12:10","date_gmt":"2026-01-01T20:12:10","guid":{"rendered":"https:\/\/www.europesays.com\/fr\/634854\/"},"modified":"2026-01-01T20:12:10","modified_gmt":"2026-01-01T20:12:10","slug":"une-enfant-de-onze-ans-disparue-le-29-decembre-dans-la-sarthe-a-ete-retrouvee-le-31-decembre-a-la-gare-de-marseille-saine-et-sauve","status":"publish","type":"post","link":"https:\/\/www.europesays.com\/fr\/634854\/","title":{"rendered":"Une enfant de onze ans disparue le 29\u00a0d\u00e9cembre dans la Sarthe a \u00e9t\u00e9 retrouv\u00e9e le 31\u00a0d\u00e9cembre \u00e0 la gare de Marseille, saine et sauve."},"content":{"rendered":"<p>\n                                                                    l&rsquo;essentiel<br \/>\n                                                                Une enfant de 11 ans disparue \u00e0 Sabl\u00e9-sur-Sarthe a \u00e9t\u00e9 retrouv\u00e9e \u00e0 Marseille, saine et sauve. Une enqu\u00eate est en cours pour \u00e9claircir les raisons de cette fugue.\n                            <\/p>\n<p>Une histoire qui se termine bien. Deux jours apr\u00e8s le signalement de la disparition d\u2019une enfant de 11 ans \u00e0 Sabl\u00e9-sur-Sarthe (Pays de la Loire), sa trace a \u00e9t\u00e9 retrouv\u00e9e, \u00e0 des centaines de kilom\u00e8tres de chez elle\u2026 \u00e0 Marseille.<\/p>\n<p><a href=\"https:\/\/actu.fr\/pays-de-la-loire\/sable-sur-sarthe_72264\/apres-lappel-a-temoins-la-jeune-fille-de-onze-ans-disparue-en-sarthe-retrouvee-a-marseille_63638832.html\" target=\"_self\" rel=\"noopener\">Les Nouvelles \u2013 L\u2019\u00c9cho fl\u00e9chois<\/a>\u00a0reviennent sur ces 48\u00a0heures de recherches. Le mardi 30\u00a0d\u00e9cembre, un appel \u00e0 t\u00e9moins est diffus\u00e9 sur les r\u00e9seaux sociaux, par la gendarmerie. En parall\u00e8le, les forces de l\u2019ordre quadrillent Sabl\u00e9-sur-Sarthe, sans succ\u00e8s. Aupr\u00e8s de nos confr\u00e8res, le\u00a0major Huard, adjoint au commandant de la communaut\u00e9 de brigades de Sabl\u00e9, explique que ses \u00e9quipes ont eu \u00ab\u00a0l\u2019information qu\u2019elle avait pris un billet pour Lyon\u00a0\u00bb.<\/p>\n<p>C\u2019est en gare de Marseille que la jeune fille a \u00e9t\u00e9 contr\u00f4l\u00e9e et que la police a fait le lien avec l\u2019avis de recherche. Cette derni\u00e8re est saine et sauve et a \u00e9t\u00e9 prise en charge par les services sociaux, d\u2019apr\u00e8s une publication de la gendarmerie de la Sarthe, sur Facebook.\u00a0Une enqu\u00eate reste ouverte pour comprendre les motivations de cette fugue et d\u00e9terminer si la jeune fille est partie seule.<\/p>\n","protected":false},"excerpt":{"rendered":"l&rsquo;essentiel Une enfant de 11 ans disparue \u00e0 Sabl\u00e9-sur-Sarthe a \u00e9t\u00e9 retrouv\u00e9e \u00e0 Marseille, saine et sauve. Une&hellip;\n","protected":false},"author":2,"featured_media":634855,"comment_status":"","ping_status":"","sticky":false,"template":"","format":"standard","meta":{"footnotes":""},"categories":[2814],"tags":[1111,11,25267,1777,674,118,1011,27,884,12,882,25],"class_list":{"0":"post-634854","1":"post","2":"type-post","3":"status-publish","4":"format-standard","5":"has-post-thumbnail","7":"category-marseille","8":"tag-actu","9":"tag-actualites","10":"tag-disparitions","11":"tag-eu","12":"tag-europe","13":"tag-faits-divers","14":"tag-fr","15":"tag-france","16":"tag-marseille","17":"tag-news","18":"tag-provence-alpes-cote-dazur","19":"tag-republique-francaise"},"share_on_mastodon":{"url":"","error":""},"_links":{"self":[{"href":"https:\/\/www.europesays.com\/fr\/wp-json\/wp\/v2\/posts\/634854","targetHints":{"allow":["GET"]}}],"collection":[{"href":"https:\/\/www.europesays.com\/fr\/wp-json\/wp\/v2\/posts"}],"about":[{"href":"https:\/\/www.europesays.com\/fr\/wp-json\/wp\/v2\/types\/post"}],"author":[{"embeddable":true,"href":"https:\/\/www.europesays.com\/fr\/wp-json\/wp\/v2\/users\/2"}],"replies":[{"embeddable":true,"href":"https:\/\/www.europesays.com\/fr\/wp-json\/wp\/v2\/comments?post=634854"}],"version-history":[{"count":0,"href":"https:\/\/www.europesays.com\/fr\/wp-json\/wp\/v2\/posts\/634854\/revisions"}],"wp:featuredmedia":[{"embeddable":true,"href":"https:\/\/www.europesays.com\/fr\/wp-json\/wp\/v2\/media\/634855"}],"wp:attachment":[{"href":"https:\/\/www.europesays.com\/fr\/wp-json\/wp\/v2\/media?parent=634854"}],"wp:term":[{"taxonomy":"category","embeddable":true,"href":"https:\/\/www.europesays.com\/fr\/wp-json\/wp\/v2\/categories?post=634854"},{"taxonomy":"post_tag","embeddable":true,"href":"https:\/\/www.europesays.com\/fr\/wp-json\/wp\/v2\/tags?post=634854"}],"curies":[{"name":"wp","href":"https:\/\/api.w.org\/{rel}","templated":true}]}}