{"id":63486,"date":"2025-04-30T04:29:16","date_gmt":"2025-04-30T04:29:16","guid":{"rendered":"https:\/\/www.europesays.com\/fr\/63486\/"},"modified":"2025-04-30T04:29:16","modified_gmt":"2025-04-30T04:29:16","slug":"des-pecheurs-amateurs-retrouvent-une-grenade-dans-la-vilaine-a-rennes-les-demineurs-en-route-2","status":"publish","type":"post","link":"https:\/\/www.europesays.com\/fr\/63486\/","title":{"rendered":"Des p\u00eacheurs amateurs retrouvent une grenade dans la Vilaine \u00e0 Rennes, les d\u00e9mineurs en route"},"content":{"rendered":"<p><strong>\u00ab En voulant p\u00eacher un v\u00e9lo, on a p\u00each\u00e9 une grenade. \u00bb<\/strong> C\u2019est une d\u00e9couverte aussi insolite que potentiellement explosive qui a eu lieu \u00e0 Rennes (Ille-et-Vilaine). Mardi 29 avril 2025, trois p\u00eacheurs amateurs s\u2019amusent depuis 8\u00a0h\u00a030 \u00e0 <a href=\"https:\/\/rennes.maville.com\/actu\/actudet_-rennes.-avec-son-aimant-guillaume-repeche-scooter-pistolet-trottinette..._52674-3768538_actu.Htm\" target=\"_blank\" rel=\"noopener\">p\u00eacher \u00e0 l\u2019aimant<\/a> dans la Vilaine, au niveau de la passerelle Zola-Chateaubriand dans le centre-ville de la capitale bretonne. Apr\u00e8s avoir notamment r\u00e9cup\u00e9r\u00e9 des v\u00e9los, un coffre-fort ou encore une poussette, le trio tombe sur les coups de midi sur\u2026 une grenade.<\/p>\n<\/p>\n<p><strong>\u00ab\u00a0J\u2019ai remont\u00e9 mon aimant et vu la grenade avec le manche et la goupille. J\u2019ai dit aux gars\u00a0: stop on arr\u00eate, j\u2019ai une grenade\u00a0! Et je l\u2019ai rejet\u00e9 \u00e0 l\u2019eau,<\/strong> raconte Tristan l\u2019un des p\u00eacheurs.<strong> Des balles on a d\u00e9j\u00e0 vu, mais jamais de grenade on ne joue pas avec.\u00a0\u00bb<\/strong><\/p>\n<p><strong>Lire aussi<\/strong>\u00a0<strong>:<\/strong>\u00a0<a href=\"https:\/\/rennes.maville.com\/actu\/actudet_-rennes.-ils-plongent-leur-aimant-dans-la-vilaine-et-pechent-un-obus-_52674-3471781_actu.Htm\" target=\"_blank\" rel=\"noopener\">Rennes. Ils plongent leur aimant dans la Vilaine et p\u00eachent un obus\u00a0!<\/a><\/p>\n<p>Les d\u00e9mineurs en chemin<\/p>\n<p>Rapidement, les p\u00eacheurs sortent la grenade de l\u2019eau et appellent la police dans la foul\u00e9e. Alert\u00e9 cette derni\u00e8re a mis en place un p\u00e9rim\u00e8tre de s\u00e9curit\u00e9 et interdit l\u2019acc\u00e8s \u00e0 la passerelle jusqu\u2019\u00e0 nouvel ordre.<\/p>\n<p>\t<img decoding=\"async\" src=\"https:\/\/www.europesays.com\/fr\/wp-content\/uploads\/2025\/04\/P35198676D6785828G_px_640_.jpg\" alt=\"photo un p\u00e9rim\u00e8tre de s\u00e9curit\u00e9 a \u00e9t\u00e9 mis en place le temps des op\u00e9rations de d\u00e9minage.  \u00a9  ouest-france\" width=\"640\" title=\" Un p\u00e9rim\u00e8tre de s\u00e9curit\u00e9 a \u00e9t\u00e9 mis en place le temps des op\u00e9rations de d\u00e9minage.   Ouest-France \"\/><\/p>\n<p class=\"elmt-legende\"> Un p\u00e9rim\u00e8tre de s\u00e9curit\u00e9 a \u00e9t\u00e9 mis en place le temps des op\u00e9rations de d\u00e9minage.   Ouest-France <\/p>\n<p>Dans le m\u00eame temps une unit\u00e9 de d\u00e9mineurs, bas\u00e9e \u00e0 Nantes (Loire-Atlantique) est attendue sur place. Les p\u00eacheurs eux restent sur place <strong>\u00ab\u00a0pour r\u00e9cup\u00e9rer notre aimant\u2026 Apr\u00e8s \u00e7a on arr\u00eate.\u00a0\u00bb<\/strong><\/p>\n<p>Une pratique encadr\u00e9e<\/p>\n<p>La p\u00eache \u00e0 l\u2019aimant est une pratique qui tend \u00e0 se d\u00e9velopper mais elle est strictement encadr\u00e9e. Bien que pr\u00e9sent\u00e9e comme une <a href=\"https:\/\/rennes.maville.com\/actu\/actudet_-peche-a-l-aimant-recherche-d-amateurs-pour-depolluer-_7-6428293_actu.Htm\" target=\"_blank\" rel=\"noopener\">d\u00e9pollution b\u00e9n\u00e9vole<\/a> des cours d\u2019eau, cette activit\u00e9 est consid\u00e9r\u00e9e comme ill\u00e9gale si elle est effectu\u00e9e sans autorisation administrative.<\/p>\n<p><strong>\u00ab Dans les cours d\u2019eau, canaux et plans d\u2019eau relevant du domaine public fluvial, l\u2019autorisation du propri\u00e9taire des biens (R\u00e9gion Bretagne ou \u00c9tat en Ille-et-Vilaine) est requise<\/strong> \u00bb, rappelle <a href=\"https:\/\/www.ille-et-vilaine.gouv.fr\/Actions-de-l-Etat\/Environnement-et-energie\/Biodiversite-chasse-peche-faune-et-flore\/Peche-en-eaux-douces\/Peche-a-l-aimant#:~:text=La%2520p%25C3%25AAche%2520%25C3%25A0%2520l&#039;aimant,est%2520effectu%25C3%25A9e%2520sans%2520autorisation%2520administrative.\" rel=\"nofollow noopener\" target=\"_blank\">la pr\u00e9fecture d\u2019Ille-et-Vilaine<\/a> sur son site internet.<\/p>\n<p>\u00a0<\/p>\n","protected":false},"excerpt":{"rendered":"\u00ab En voulant p\u00eacher un v\u00e9lo, on a p\u00each\u00e9 une grenade. \u00bb C\u2019est une d\u00e9couverte aussi insolite que&hellip;\n","protected":false},"author":2,"featured_media":62131,"comment_status":"","ping_status":"","sticky":false,"template":"","format":"standard","meta":{"footnotes":""},"categories":[2821],"tags":[1111,11,5592,829,15975,1777,674,1011,27,15974,12,15972,3086,584,25,15973,209,7009],"class_list":{"0":"post-63486","1":"post","2":"type-post","3":"status-publish","4":"format-standard","5":"has-post-thumbnail","7":"category-rennes","8":"tag-actu","9":"tag-actualites","10":"tag-amateurs","11":"tag-bretagne","12":"tag-demineurs","13":"tag-eu","14":"tag-europe","15":"tag-fr","16":"tag-france","17":"tag-grenade","18":"tag-news","19":"tag-pecheurs","20":"tag-redon","21":"tag-rennes","22":"tag-republique-francaise","23":"tag-retrouvent","24":"tag-route","25":"tag-vilaine"},"share_on_mastodon":{"url":"https:\/\/pubeurope.com\/@fr\/114425034384122040","error":""},"_links":{"self":[{"href":"https:\/\/www.europesays.com\/fr\/wp-json\/wp\/v2\/posts\/63486","targetHints":{"allow":["GET"]}}],"collection":[{"href":"https:\/\/www.europesays.com\/fr\/wp-json\/wp\/v2\/posts"}],"about":[{"href":"https:\/\/www.europesays.com\/fr\/wp-json\/wp\/v2\/types\/post"}],"author":[{"embeddable":true,"href":"https:\/\/www.europesays.com\/fr\/wp-json\/wp\/v2\/users\/2"}],"replies":[{"embeddable":true,"href":"https:\/\/www.europesays.com\/fr\/wp-json\/wp\/v2\/comments?post=63486"}],"version-history":[{"count":0,"href":"https:\/\/www.europesays.com\/fr\/wp-json\/wp\/v2\/posts\/63486\/revisions"}],"wp:featuredmedia":[{"embeddable":true,"href":"https:\/\/www.europesays.com\/fr\/wp-json\/wp\/v2\/media\/62131"}],"wp:attachment":[{"href":"https:\/\/www.europesays.com\/fr\/wp-json\/wp\/v2\/media?parent=63486"}],"wp:term":[{"taxonomy":"category","embeddable":true,"href":"https:\/\/www.europesays.com\/fr\/wp-json\/wp\/v2\/categories?post=63486"},{"taxonomy":"post_tag","embeddable":true,"href":"https:\/\/www.europesays.com\/fr\/wp-json\/wp\/v2\/tags?post=63486"}],"curies":[{"name":"wp","href":"https:\/\/api.w.org\/{rel}","templated":true}]}}