{"id":634875,"date":"2026-01-01T20:24:11","date_gmt":"2026-01-01T20:24:11","guid":{"rendered":"https:\/\/www.europesays.com\/fr\/634875\/"},"modified":"2026-01-01T20:24:11","modified_gmt":"2026-01-01T20:24:11","slug":"une-hausse-des-traversees-de-la-manche-en-2025-malgre-le-durcissement-migratoire","status":"publish","type":"post","link":"https:\/\/www.europesays.com\/fr\/634875\/","title":{"rendered":"une hausse des travers\u00e9es de la Manche en 2025 malgr\u00e9 le durcissement migratoire"},"content":{"rendered":"<p>Voil\u00e0 qui ne va pas arranger les affaires du premier ministre britannique, Keir Starmer, dont l\u2019action politique est constamment entrav\u00e9e par son impuissance \u00e0 r\u00e9duire l\u2019immigration dans son pays. Les chiffres des travers\u00e9es de la Manche par les migrants sur de petites embarcations montrent une forte progression\u00a0avec 41\u00a0472 arriv\u00e9es en 2025, qui restent toutefois moins nombreuses qu\u2019en 2022, ann\u00e9e qui avait connu un record de 45\u00a0774 arriv\u00e9es, selon les donn\u00e9es du minist\u00e8re britannique de l\u2019int\u00e9rieur.<\/p>\n<p>Cet article est r\u00e9serv\u00e9 aux abonn\u00e9s<\/p>\n<p>\n                    Vous souhaitez lire la suite\u00a0? Abonnez-vous sans engagement \u00e0 notre offre num\u00e9rique\n                <\/p>\n<p>                <a href=\"https:\/\/abonnement.la-croix.com\" class=\"default-paywall__subscribe-button\" data-tracking=\"cta_click\" data-tracking-action=\"voir la page abonnement\" data-tracking-category=\"abonnement\" target=\"_blank\" rel=\"noopener\">Je m&rsquo;abonne<\/a><\/p>\n","protected":false},"excerpt":{"rendered":"Voil\u00e0 qui ne va pas arranger les affaires du premier ministre britannique, Keir Starmer, dont l\u2019action politique est&hellip;\n","protected":false},"author":2,"featured_media":634876,"comment_status":"","ping_status":"","sticky":false,"template":"","format":"standard","meta":{"footnotes":""},"categories":[1588],"tags":[11,1777,674,12,473,1853,1851,1850,1852],"class_list":{"0":"post-634875","1":"post","2":"type-post","3":"status-publish","4":"format-standard","5":"has-post-thumbnail","7":"category-royaume-uni","8":"tag-actualites","9":"tag-eu","10":"tag-europe","11":"tag-news","12":"tag-royaume-uni","13":"tag-royaume-uni-de-grande-bretagne-et-dirlande-du-nord","14":"tag-uk","15":"tag-united-kingdom","16":"tag-united-kingdom-of-great-britain-and-northern-ireland"},"share_on_mastodon":{"url":"https:\/\/pubeurope.com\/@fr\/115821718343506087","error":""},"_links":{"self":[{"href":"https:\/\/www.europesays.com\/fr\/wp-json\/wp\/v2\/posts\/634875","targetHints":{"allow":["GET"]}}],"collection":[{"href":"https:\/\/www.europesays.com\/fr\/wp-json\/wp\/v2\/posts"}],"about":[{"href":"https:\/\/www.europesays.com\/fr\/wp-json\/wp\/v2\/types\/post"}],"author":[{"embeddable":true,"href":"https:\/\/www.europesays.com\/fr\/wp-json\/wp\/v2\/users\/2"}],"replies":[{"embeddable":true,"href":"https:\/\/www.europesays.com\/fr\/wp-json\/wp\/v2\/comments?post=634875"}],"version-history":[{"count":0,"href":"https:\/\/www.europesays.com\/fr\/wp-json\/wp\/v2\/posts\/634875\/revisions"}],"wp:featuredmedia":[{"embeddable":true,"href":"https:\/\/www.europesays.com\/fr\/wp-json\/wp\/v2\/media\/634876"}],"wp:attachment":[{"href":"https:\/\/www.europesays.com\/fr\/wp-json\/wp\/v2\/media?parent=634875"}],"wp:term":[{"taxonomy":"category","embeddable":true,"href":"https:\/\/www.europesays.com\/fr\/wp-json\/wp\/v2\/categories?post=634875"},{"taxonomy":"post_tag","embeddable":true,"href":"https:\/\/www.europesays.com\/fr\/wp-json\/wp\/v2\/tags?post=634875"}],"curies":[{"name":"wp","href":"https:\/\/api.w.org\/{rel}","templated":true}]}}