{"id":634877,"date":"2026-01-01T20:25:11","date_gmt":"2026-01-01T20:25:11","guid":{"rendered":"https:\/\/www.europesays.com\/fr\/634877\/"},"modified":"2026-01-01T20:25:11","modified_gmt":"2026-01-01T20:25:11","slug":"des-violences-et-des-morts-lies-aux-feux-dartifice-lors-du-nouvel-an","status":"publish","type":"post","link":"https:\/\/www.europesays.com\/fr\/634877\/","title":{"rendered":"Des violences et des morts li\u00e9s aux feux d\u2019artifice lors du Nouvel An"},"content":{"rendered":"<p>Des milliers d\u2019interventions de la <a href=\"https:\/\/www.20minutes.fr\/dossier\/police\" class=\"c-link c-link--is-underlined\" target=\"_blank\" rel=\"noopener\">police<\/a> et des <a href=\"https:\/\/www.20minutes.fr\/dossier\/pompiers\" class=\"c-link c-link--is-underlined\" target=\"_blank\" rel=\"noopener\">pompiers<\/a>, des attaques visant les forces de l\u2019ordre et plusieurs morts li\u00e9s aux <a href=\"https:\/\/www.20minutes.fr\/dossier\/feu_d_artifice\" class=\"c-link c-link--is-underlined\" target=\"_blank\" rel=\"noopener\">feux d\u2019artifice<\/a> ont marqu\u00e9 une nuit du <a href=\"https:\/\/www.20minutes.fr\/dossier\/nouvel-an\" class=\"c-link c-link--is-underlined\" target=\"_blank\" rel=\"noopener\">Nouvel An<\/a> agit\u00e9e dans de nombreuses villes allemandes.<\/p>\n<p>\u00c0 Berlin, la police a arr\u00eat\u00e9 environ 430 suspects apr\u00e8s des attaques parfois massives contre ses forces d\u2019intervention et a recens\u00e9 35 agents bless\u00e9s, selon des sources polici\u00e8res. La police locale a \u00e9voqu\u00e9 jeudi des \u00ab\u00a0attaques parfois consid\u00e9rables contre les forces d\u2019intervention et de secours, notamment par des tirs ou des jets d\u2019objets pyrotechniques\u00a0\u00bb, entra\u00eenant l\u2019hospitalisation de deux policiers.<\/p>\n<p>Des attaques dans toutes les r\u00e9gions allemandes<\/p>\n<p>Des tirs isol\u00e9s visant les forces de secours ont \u00e9t\u00e9 signal\u00e9s dans de nombreuses autres villes, notamment \u00e0 Hambourg, o\u00f9 dix policiers ont \u00e9t\u00e9 bless\u00e9s et un nombre non pr\u00e9cis\u00e9 de personnes ont \u00e9t\u00e9 interpell\u00e9es ou plac\u00e9es en garde \u00e0 vue. Rien qu\u2019\u00e0 Berlin, la police avait mobilis\u00e9 environ 3.200 agents suppl\u00e9mentaires en raison des exp\u00e9riences des ann\u00e9es pr\u00e9c\u00e9dentes, et environ 1.000 de plus \u00e0 <a href=\"https:\/\/www.20minutes.fr\/dossier\/hambourg\" class=\"c-link c-link--is-underlined\" target=\"_blank\" rel=\"noopener\">Hambourg<\/a>.<\/p>\n<\/p>\n<p>En Saxe, \u00e0 Leipzig, des groupes de casseurs ont attaqu\u00e9 massivement les forces de l\u2019ordre dans plusieurs quartiers avec des engins pyrotechniques, des pierres et des bouteilles remplies de peinture, selon la police. Le syndicat de la police (GdP) a r\u00e9clam\u00e9 une condamnation rapide des auteurs d\u2019infractions commises lors du Nouvel An.<\/p>\n<p>Des p\u00e9titions pour interdir les feux d\u2019artifice<\/p>\n<p>Par ailleurs, deux jeunes de 18 ans sont morts \u00e0 Bielefeld, dans l\u2019ouest de l\u2019Allemagne, le soir du Nouvel An \u00e0 la suite de l\u2019utilisation d\u2019engins de pyrotechnie artisanale, a annonc\u00e9 la police.<\/p>\n<p>Les deux jeunes hommes \u00ab\u00a0ont d\u00e9clench\u00e9 de mani\u00e8re incontr\u00f4l\u00e9e des engins pyrotechniques qu\u2019ils avaient fabriqu\u00e9s eux-m\u00eames, \u00e0 des endroits diff\u00e9rents\u00a0\u00bb, et ont \u00ab\u00a0subi des blessures mortelles au visage\u00a0\u00bb, selon la police locale. Plusieurs personnes ont \u00e9t\u00e9 gri\u00e8vement bless\u00e9es dans la nuit \u00e0 Berlin lors de la manipulation de feux d\u2019artifice et en tout plus de 30 ont \u00e9t\u00e9 pris en charge \u00e0 l\u2019h\u00f4pital des accidents de <a href=\"https:\/\/www.20minutes.fr\/dossier\/berlin\" class=\"c-link c-link--is-underlined\" target=\"_blank\" rel=\"noopener\">Berlin<\/a> (UKB).<\/p>\n<p>L\u2019ONG environnementale allemande DUH, en collaboration avec 65 autres organisations r\u00e9unies au sein de l\u2019alliance #b\u00f6llerciao (\u00a0\u00bb Adieu les p\u00e9tards\u00a0\u00bb), a appel\u00e9 jeudi le <a href=\"https:\/\/www.20minutes.fr\/dossier\/ministre_de_l_interieur\" class=\"c-link c-link--is-underlined\" target=\"_blank\" rel=\"noopener\">ministre de l\u2019Int\u00e9rieur<\/a>, Alexander Dobrindt, \u00e0 faire interdire dans le pays la vente et l\u2019utilisation de pyrotechnie priv\u00e9e \u00e0 la <a href=\"https:\/\/www.20minutes.fr\/dossier\/saint_sylvestre\" class=\"c-link c-link--is-underlined\" target=\"_blank\" rel=\"noopener\">Saint-Sylvestre<\/a>, avec une p\u00e9tition en ligne r\u00e9unissant plus de 950.000 signatures jeudi.<\/p>\n","protected":false},"excerpt":{"rendered":"Des milliers d\u2019interventions de la police et des pompiers, des attaques visant les forces de l\u2019ordre et plusieurs&hellip;\n","protected":false},"author":2,"featured_media":634878,"comment_status":"","ping_status":"","sticky":false,"template":"","format":"standard","meta":{"footnotes":""},"categories":[1587],"tags":[11,672,1898,1804,1805,1803,1777,674,16701,1801,74,6968,12,39117,1072,1802,72837],"class_list":{"0":"post-634877","1":"post","2":"type-post","3":"status-publish","4":"format-standard","5":"has-post-thumbnail","7":"category-allemagne","8":"tag-actualites","9":"tag-allemagne","10":"tag-berlin","11":"tag-bundesrepublik-deutschland","12":"tag-de","13":"tag-deutschland","14":"tag-eu","15":"tag-europe","16":"tag-feu-dartifice","17":"tag-germany","18":"tag-monde","19":"tag-mortalite","20":"tag-news","21":"tag-nouvel-an","22":"tag-police","23":"tag-republique-federale-dallemagne","24":"tag-saint-sylvestre"},"share_on_mastodon":{"url":"https:\/\/pubeurope.com\/@fr\/115821722048442245","error":""},"_links":{"self":[{"href":"https:\/\/www.europesays.com\/fr\/wp-json\/wp\/v2\/posts\/634877","targetHints":{"allow":["GET"]}}],"collection":[{"href":"https:\/\/www.europesays.com\/fr\/wp-json\/wp\/v2\/posts"}],"about":[{"href":"https:\/\/www.europesays.com\/fr\/wp-json\/wp\/v2\/types\/post"}],"author":[{"embeddable":true,"href":"https:\/\/www.europesays.com\/fr\/wp-json\/wp\/v2\/users\/2"}],"replies":[{"embeddable":true,"href":"https:\/\/www.europesays.com\/fr\/wp-json\/wp\/v2\/comments?post=634877"}],"version-history":[{"count":0,"href":"https:\/\/www.europesays.com\/fr\/wp-json\/wp\/v2\/posts\/634877\/revisions"}],"wp:featuredmedia":[{"embeddable":true,"href":"https:\/\/www.europesays.com\/fr\/wp-json\/wp\/v2\/media\/634878"}],"wp:attachment":[{"href":"https:\/\/www.europesays.com\/fr\/wp-json\/wp\/v2\/media?parent=634877"}],"wp:term":[{"taxonomy":"category","embeddable":true,"href":"https:\/\/www.europesays.com\/fr\/wp-json\/wp\/v2\/categories?post=634877"},{"taxonomy":"post_tag","embeddable":true,"href":"https:\/\/www.europesays.com\/fr\/wp-json\/wp\/v2\/tags?post=634877"}],"curies":[{"name":"wp","href":"https:\/\/api.w.org\/{rel}","templated":true}]}}