{"id":634891,"date":"2026-01-01T20:34:10","date_gmt":"2026-01-01T20:34:10","guid":{"rendered":"https:\/\/www.europesays.com\/fr\/634891\/"},"modified":"2026-01-01T20:34:10","modified_gmt":"2026-01-01T20:34:10","slug":"atp-latp-change-le-systeme-de-classement-et-cela-ne-fera-pas-que-des-heureux-we-love-tennis","status":"publish","type":"post","link":"https:\/\/www.europesays.com\/fr\/634891\/","title":{"rendered":"ATP &gt; L&#039;ATP change le syst\u00e8me de classement et cela ne fera pas que des heureux&#8230; &#8211; We Love Tennis"},"content":{"rendered":"<ol>\n<li><a href=\"https:\/\/news.google.com\/rss\/articles\/CBMipwFBVV95cUxOTHZRQ2g4aEpnbENkLVJLMnlLYUxGd3Zxd1NxdFdYZ1RnT3ZfUjg5RURpNmQzLS00NUhsaXZjVDd3UzhWMThGQ1VrRWpYWTV2TmhWX2gzcGJVeVhyOV8xNzNDT0U5ZnBjenNFUkRTRnlrZDdmY1JOUW5waDBvTTFGcTRGYlVQSGd2VzExUHM2QnRaNVJDUGxqV0F1NDVRNlZmQzkzNTJlcw?oc=5\" target=\"_blank\" rel=\"noopener\">ATP &gt; L&rsquo;ATP change le syst\u00e8me de classement et cela ne fera pas que des heureux&#8230;<\/a>&nbsp;&nbsp;We Love Tennis<\/li>\n<li><a href=\"https:\/\/news.google.com\/rss\/articles\/CBMiswFBVV95cUxQTVVKQkVrRmo4THRCMUVzOFc1aUJ3YzRyczRCWHRwUld4YlRST3J2QWV0dGhkeDJfaVBESFV5VWgxWHdMTTZ4Zl9mX1gzeGVwdnhsUWYzRi1TanNMUlRINGlGUV9UdmNGV0pSNXJJOHYzRGJ3aVpNcFgycmVMT0ppSm5ONEM5YUtGbEZzejJybUlHcW5BZXNfMV9xTEI4cEZKMW16RkJza3FETjNJZHVtdnIwYw?oc=5\" target=\"_blank\" rel=\"noopener\">Voici comment se d\u00e9roule la lutte pour les t\u00eates de s\u00e9rie de l&rsquo;Open d&rsquo;Australie 2026<\/a>&nbsp;&nbsp;Punto de Break<\/li>\n<li><a href=\"https:\/\/news.google.com\/rss\/articles\/CBMisgFBVV95cUxQRUNTa0JLbGFnNkViZHdyLVhKek1BWUVJX1pRMTF4aWtyNTNINDRBaVo3VGtLU2pIYVQ3bkhtUFVCb2N5RTE3aUtlaFBjUWdGRC1lbHY3MVU1LWJVdkNFbkdJWnNpTFd4NUIxS0tabkJBTnktbzBfaGNUYWhmZzlWbWJveXZmSVZORnc4YnZpWlQtaU92RUJfQllvMHc3OGhNZzY5My0yR3Fpa0E2YzJaTGRR0gGyAUFVX3lxTE92WEFKR01WcTNmcGRkNm9qQU1OVVp5SjlKUlhwekJQMFZ1M2Z4aDVnM0NiOWlkVGZ1TF9pejdHYWk5NVMyWHRTNXU4UnBzZlNtaGI1NjR4QkFmWEhHOFRwS2N4bmU0NXUzbXZjbGNjeGlxTVBTUHBnLVRQTUw3c1pTbkpFT3owN2p0U21vWVIzZy1scjN6QUNsMW1oa0FjYzgtMWhGN2FtbXF5S0dIbEdIWWc?oc=5\" target=\"_blank\" rel=\"noopener\">Classement ATP: Monfils, Sinner&#8230; qui d\u00e9fendra des points ATP en janvier ?<\/a>&nbsp;&nbsp;Tennis Actu.<\/li>\n<li><a href=\"https:\/\/news.google.com\/rss\/articles\/CBMizgFBVV95cUxQUTd5Y3BmU0hva2FITUlacTdxQXpKWFg5ZGpNTTQtZDdBTWFyblZId1VFMGVDSnZiMzFrVmNfNGtiU0V2UERGeTRTM3FMX0d3cldwYnVYVnVpc05YZVpwQUFDdWhaaS1JaVJFRlUzYTJmNnVud1QxY3BoTGI3M3pyUUUyYkRVeE90SkFtcktfeFBTRlV0N0VDMkVkSUtBS0xJX2NIZDcwdEQzSlNrRkRzeFNCREhBbldvUmVsRldQZzl2eThGcGJYQnNXOUhxdw?oc=5\" target=\"_blank\" rel=\"noopener\">Tennis : classement ATP &#8211; Monfils, Sinner&#8230; qui d\u00e9fendra des points d\u00e8s janvier?<\/a>&nbsp;&nbsp;MSN<\/li>\n<li><a href=\"https:\/\/news.google.com\/rss\/articles\/CBMihAFBVV95cUxQTW8xUEljTXg1LU5WZHNBWDd3TXR3dkVsSklGdkJ2ZkxfREdVbkNkOVFjeDFSeFc3Q0s2R1FmUTNzcllHTUpQaFZQbnhWMzZ4X213dlc0TUx4amNoYkp3dmlpdk1VNEtuY29sSGlEbnhzd0ZEbmxzaFVIUElCMUZaR0tDVXc?oc=5\" target=\"_blank\" rel=\"noopener\">ATP 500, nombre de tournois comptabilis\u00e9s&#8230; Ce que l\u2019ATP va modifier dans le calcul du classement \u00e0 partir de 2026<\/a>&nbsp;&nbsp;Tennis Temple<\/li>\n<\/ol>\n","protected":false},"excerpt":{"rendered":"ATP &gt; L&rsquo;ATP change le syst\u00e8me de classement et cela ne fera pas que des heureux&#8230;&nbsp;&nbsp;We Love Tennis&hellip;\n","protected":false},"author":2,"featured_media":634892,"comment_status":"","ping_status":"","sticky":false,"template":"","format":"standard","meta":{"footnotes":""},"categories":[1415],"tags":[1744,14496,15212,105,1011,27,60,1467,4542],"class_list":{"0":"post-634891","1":"post","2":"type-post","3":"status-publish","4":"format-standard","5":"has-post-thumbnail","7":"category-tennis","8":"tag-alcaraz","9":"tag-auger-aliassime","10":"tag-bublik","11":"tag-djokovic","12":"tag-fr","13":"tag-france","14":"tag-sports","15":"tag-tennis","16":"tag-zverev"},"share_on_mastodon":{"url":"https:\/\/pubeurope.com\/@fr\/115821757264773024","error":""},"_links":{"self":[{"href":"https:\/\/www.europesays.com\/fr\/wp-json\/wp\/v2\/posts\/634891","targetHints":{"allow":["GET"]}}],"collection":[{"href":"https:\/\/www.europesays.com\/fr\/wp-json\/wp\/v2\/posts"}],"about":[{"href":"https:\/\/www.europesays.com\/fr\/wp-json\/wp\/v2\/types\/post"}],"author":[{"embeddable":true,"href":"https:\/\/www.europesays.com\/fr\/wp-json\/wp\/v2\/users\/2"}],"replies":[{"embeddable":true,"href":"https:\/\/www.europesays.com\/fr\/wp-json\/wp\/v2\/comments?post=634891"}],"version-history":[{"count":0,"href":"https:\/\/www.europesays.com\/fr\/wp-json\/wp\/v2\/posts\/634891\/revisions"}],"wp:featuredmedia":[{"embeddable":true,"href":"https:\/\/www.europesays.com\/fr\/wp-json\/wp\/v2\/media\/634892"}],"wp:attachment":[{"href":"https:\/\/www.europesays.com\/fr\/wp-json\/wp\/v2\/media?parent=634891"}],"wp:term":[{"taxonomy":"category","embeddable":true,"href":"https:\/\/www.europesays.com\/fr\/wp-json\/wp\/v2\/categories?post=634891"},{"taxonomy":"post_tag","embeddable":true,"href":"https:\/\/www.europesays.com\/fr\/wp-json\/wp\/v2\/tags?post=634891"}],"curies":[{"name":"wp","href":"https:\/\/api.w.org\/{rel}","templated":true}]}}