{"id":634897,"date":"2026-01-01T20:40:15","date_gmt":"2026-01-01T20:40:15","guid":{"rendered":"https:\/\/www.europesays.com\/fr\/634897\/"},"modified":"2026-01-01T20:40:15","modified_gmt":"2026-01-01T20:40:15","slug":"pascal-praud-ne-mache-pas-ses-mots-sur-kylian-mbappe-cest-siderant-quil","status":"publish","type":"post","link":"https:\/\/www.europesays.com\/fr\/634897\/","title":{"rendered":"Pascal Praud ne m\u00e2che pas ses mots sur Kylian Mbapp\u00e9 : \u00ab\u00a0C&rsquo;est sid\u00e9rant qu&rsquo;il\u2026\u00a0\u00bb"},"content":{"rendered":"<p>Par <a class=\"author_recette\" id=\"author_name\" href=\"https:\/\/www.nextplz.fr\/auteur\/francis-uliel\" target=\"_blank\" rel=\"noopener\">Francis<br \/>\nUliel<\/a> &#8211;<br \/>\nPubli\u00e9 le 01 Jan 2026 \u00e0<br \/>\n15:00<\/p>\n<p class=\"article-intro excerpt\">Toujours aussi cru \u00e0 chacune de<br \/>\nses prises de parole, Pascal Praud se l\u00e2che et se montre<br \/>\nbrutalement honn\u00eate sur Kylian Mbapp\u00e9, capitaine des Bleus.<\/p>\n<p>L\u00a0\u00bbann\u00e9e 2025 de Pascal Praud a \u00e9t\u00e9 particuli\u00e8rement intense.<br \/>\nL\u2019animateur s\u2019est en effet impos\u00e9 comme l\u2019une des voix les plus<br \/>\n\u00e9cout\u00e9es du paysage m\u00e9diatique, gr\u00e2ce au carton plein de ses<br \/>\n\u00e9missions cultes sur CNews comme sur Europe 1. Ce dernier, connu<br \/>\npour sa franchise, a ainsi trait\u00e9 divers sujets sans aucune<br \/>\nretenue. Pascal Praud a \u00e9galement donn\u00e9 <a href=\"https:\/\/www.nextplz.fr\/people\/524293-ils-ont-la-trouille-les-revelations-fracassantes-de-pascal-praud-sur-ses-rivaux\" target=\"_blank\" rel=\"noopener\"><br \/>\nson avis sans d\u00e9tours sur les personnalit\u00e9s Fran\u00e7aises<\/a> les plus<br \/>\nen vue, dont un certain Kylian Mbapp\u00e9, capitaine de l&rsquo;\u00c9quipe de<br \/>\nFrance de football.<\/p>\n<p>Pascal<br \/>\nPraud \u00e9merveill\u00e9 par le talent de Kylian Mbapp\u00e9<\/p>\n<p>Il y a peu, Pascal Praud a livr\u00e9 une r\u00e9flexion inattendue sur le<br \/>\nnatif de Bondy au micro d&rsquo;Europe 1. Visiblement impressionn\u00e9 par<br \/>\nl&rsquo;immense talent de Kylian Mbapp\u00e9, l&rsquo;animateur a d\u00e9clar\u00e9 cash :<br \/>\n\u00ab\u00a0Souvent, je dis \u00e7a, c&rsquo;est m\u00eame sid\u00e9rant qu&rsquo;il n&rsquo;y en ait pas<br \/>\ndavantage\u00a0\u00bb. Ce dernier, fascin\u00e9, ne s&rsquo;arr\u00eate pas l\u00e0 et<br \/>\npoursuit : \u00ab\u00a0Le nombre de gosses qui jouent au football sur la<br \/>\nterre, qu&rsquo;il n&rsquo;y en ait qu&rsquo;un Mbapp\u00e9, je trouve \u00e7a<br \/>\nmiraculeux\u00a0\u00bb. Sur le plateau, un pan\u00e9liste \u00e9voque alors deux<br \/>\nautres g\u00e9ants du foot \u00e0 savoir Ronaldo et Messi. Et l\u00e0, Pascal<br \/>\nr\u00e9torque cash : \u00ab\u00a0Ils sont en retraite. Il y en a un par<br \/>\ng\u00e9n\u00e9ration\u00a0\u00bb. Et de conclure : \u00ab\u00a0C&rsquo;est comme si Dieu mettait<br \/>\nson doigt sur un joueur\u00a0\u00bb.<\/p>\n<p>Quand<br \/>\nles prises de position politique de Mbapp\u00e9 agacent<\/p>\n<p>Si Pascal Praud ne cache pas sa sid\u00e9ration face \u00e0 la raret\u00e9<br \/>\nexceptionnelle du talent de Kylian Mbapp\u00e9, cela ne l&#8217;emp\u00eache pas de<br \/>\ns&rsquo;en prendre au joueur. Il y a quelques mois en effet, l&rsquo;attaquant<br \/>\ndu R\u00e9al de Madrid estimait qu&rsquo;il y avait \u00ab\u00a0vraiment<br \/>\nurgence\u00a0\u00bb \u00e0 aller voter. Ce dernier jugeait ensuite<br \/>\n\u00ab\u00a0catastrophiques\u00a0\u00bb les r\u00e9sultats du premier tour remport\u00e9<br \/>\npar le RN. \u00ab\u00a0On esp\u00e8re que tout le monde va se mobiliser et<br \/>\nvoter pour le bon c\u00f4t\u00e9\u00a0\u00bb, d\u00e9clarait-il.<\/p>\n<p>De quoi agacer Pascal Praud qui a estim\u00e9 que ce n&rsquo;est pas son<br \/>\nr\u00f4le d&rsquo;aller sur ce terrain-l\u00e0. \u00ab\u00a0Je trouve que Mbapp\u00e9 a<br \/>\nbeaucoup chang\u00e9 depuis le jeune homme qu&rsquo;il \u00e9tait \u00e0 Monaco et<br \/>\nl&rsquo;adulte qu&rsquo;il est devenu au Paris Saint-Germain (\u2026) &lsquo;Pour<br \/>\nqui se prend Mbapp\u00e9 ?&rsquo;. Est-ce une interrogation quand<br \/>\nj&rsquo;entends ici ou l\u00e0, l&rsquo;\u00e9quipe de France ne peut pas \u00eatre prise en<br \/>\notage par deux ou trois meneurs qui crachent sur leurs<br \/>\nconcitoyens\u00a0\u00bb, d\u00e9plorait-il dans L&rsquo;Heure des Pros.<\/p>\n<p>\u00ab\u00a0Je pense<br \/>\nque beaucoup de gens sont agac\u00e9s par Mbapp\u00e9\u00a0\u00bb<\/p>\n<p>Toujours sur le plateau de son \u00e9mission culte sur CNews, Pascal<br \/>\nPraud affirmait : \u00ab\u00a0Je pense que beaucoup de gens sont agac\u00e9s<br \/>\npar Mbapp\u00e9\u00a0\u00bb. Seulement voil\u00e0, \u00ab\u00a0personne ne dit rien,<br \/>\npersonne n&rsquo;ose rien dire\u00a0\u00bb, d\u00e9plorait-il ensuite. Et de<br \/>\npoursuivre, d\u00e9pit\u00e9 par la situation : \u00ab\u00a0Le ministre des Sports<br \/>\nne dit rien, la F\u00e9d\u00e9ration non plus\u00a0\u00bb. <a href=\"https:\/\/www.nextplz.fr\/people\/523637-pascal-praud-sen-prend-frontalement-a-lalgerie-ils-veulent-que-lon-fasse-les-mendiants-avec-eux\" target=\"_blank\" rel=\"noopener\"><br \/>\nL&rsquo;animateur qui n&rsquo;a pas \u00e9t\u00e9 tendre envers l&rsquo;Alg\u00e9rie<\/a>, pr\u00e9cisait<br \/>\ndans la foul\u00e9e : \u00ab\u00a0Mais je le dis, il a le droit de donner son<br \/>\navis, mais l&rsquo;\u00c9quipe de France ne peut pas \u00eatre prise en otage et<br \/>\nsimplement cracher sur les gens\u00a0\u00bb. Puis de conclure : \u00ab\u00a0Il y<br \/>\na 11 millions de gens quand m\u00eame qui ont vot\u00e9 ! Il faut \u00eatre<br \/>\nrespectueux me semble-t-il\u00a0\u00bb.<\/p>\n","protected":false},"excerpt":{"rendered":"Par Francis Uliel &#8211; Publi\u00e9 le 01 Jan 2026 \u00e0 15:00 Toujours aussi cru \u00e0 chacune de ses&hellip;\n","protected":false},"author":2,"featured_media":634898,"comment_status":"","ping_status":"","sticky":false,"template":"","format":"standard","meta":{"footnotes":""},"categories":[1359],"tags":[58,59,1011,27,973],"class_list":{"0":"post-634897","1":"post","2":"type-post","3":"status-publish","4":"format-standard","5":"has-post-thumbnail","7":"category-people","8":"tag-divertissement","9":"tag-entertainment","10":"tag-fr","11":"tag-france","12":"tag-people"},"share_on_mastodon":{"url":"https:\/\/pubeurope.com\/@fr\/115821780954552012","error":""},"_links":{"self":[{"href":"https:\/\/www.europesays.com\/fr\/wp-json\/wp\/v2\/posts\/634897","targetHints":{"allow":["GET"]}}],"collection":[{"href":"https:\/\/www.europesays.com\/fr\/wp-json\/wp\/v2\/posts"}],"about":[{"href":"https:\/\/www.europesays.com\/fr\/wp-json\/wp\/v2\/types\/post"}],"author":[{"embeddable":true,"href":"https:\/\/www.europesays.com\/fr\/wp-json\/wp\/v2\/users\/2"}],"replies":[{"embeddable":true,"href":"https:\/\/www.europesays.com\/fr\/wp-json\/wp\/v2\/comments?post=634897"}],"version-history":[{"count":0,"href":"https:\/\/www.europesays.com\/fr\/wp-json\/wp\/v2\/posts\/634897\/revisions"}],"wp:featuredmedia":[{"embeddable":true,"href":"https:\/\/www.europesays.com\/fr\/wp-json\/wp\/v2\/media\/634898"}],"wp:attachment":[{"href":"https:\/\/www.europesays.com\/fr\/wp-json\/wp\/v2\/media?parent=634897"}],"wp:term":[{"taxonomy":"category","embeddable":true,"href":"https:\/\/www.europesays.com\/fr\/wp-json\/wp\/v2\/categories?post=634897"},{"taxonomy":"post_tag","embeddable":true,"href":"https:\/\/www.europesays.com\/fr\/wp-json\/wp\/v2\/tags?post=634897"}],"curies":[{"name":"wp","href":"https:\/\/api.w.org\/{rel}","templated":true}]}}