{"id":634903,"date":"2026-01-01T20:44:16","date_gmt":"2026-01-01T20:44:16","guid":{"rendered":"https:\/\/www.europesays.com\/fr\/634903\/"},"modified":"2026-01-01T20:44:16","modified_gmt":"2026-01-01T20:44:16","slug":"gims-enflamme-le-cube-pour-la-nouvelle-annee","status":"publish","type":"post","link":"https:\/\/www.europesays.com\/fr\/634903\/","title":{"rendered":"Gims enflamme le Cube pour la nouvelle ann\u00e9e"},"content":{"rendered":"<p class=\"article__intro\">Gims, dont le dernier album, sorti en novembre, est un succ\u00e8s, s&rsquo;est produit sur la sc\u00e8ne du Cube, \u00e0 Troyes (Aube), le 31 d\u00e9cembre 2025. Un r\u00e9veillon inoubliable pour les 3500 fans venus applaudir le rappeur et chanteur, en t\u00eate des plus grosses ventes d\u2019albums en\u00a02025.<\/p>\n<p>\n      L\u2019actu des r\u00e9gions\n    <\/p>\n<p>\n      Chaque jour, un tour d\u2019horizon des principales infos de toutes les r\u00e9gions.\n    <\/p>\n<p>    France T\u00e9l\u00e9visions utilise votre adresse e-mail afin de vous envoyer la newsletter \u00ab\u00a0L\u2019actu des r\u00e9gions\u00a0\u00bb. Vous pouvez vous d\u00e9sinscrire \u00e0 tout moment via le lien en bas de cette newsletter. <a target=\"_blank\" href=\"https:\/\/www.francetelevisions.fr\/groupe\/confidentialite\/politique-de-confidentialite\/politique-de-confidentialite-de-france-televisions-6503\" rel=\"noopener\">Notre politique de confidentialit\u00e9<\/a><\/p>\n<p>\u00ab\u00a0Passe avant minuit, je vais te faire vivre un dream.\u00a0\u00bb Les paroles de \u00ab\u00a0Sap\u00e9 comme jamais\u00a0\u00bb, le tube du chanteur Gims, en featuring avec Niska, r\u00e9sonnent entre les murs du Cube, une bo\u00eete de nuit de Troyes (Aube). Un concert \u00e9v\u00e9nement, le soir du r\u00e9veillon, pour entrer du bon pied dans l&rsquo;ann\u00e9e 2026.<\/p>\n<p>L&rsquo;artiste de 39 ans avait choisi l&rsquo;Aube pour un showcase exceptionnel de 40 minutes. Ancien membre du groupe mythique des ann\u00e9es 2000 Sexion d&rsquo;assaut et fr\u00e8re du rappeur Dadju, l&rsquo;artiste congolais a encha\u00een\u00e9 les hits devant un parterre de 3500 personnes.<\/p>\n<p><a data-article-figure=\"\" href=\"https:\/\/france3-regions.franceinfo.fr\/image\/9j60CDdgjcG-QgWvnDov-A3lvSo\/924x2000\/regions\/2026\/01\/01\/whatsapp-image-2026-01-01-at-15-18-46-2-69568cb04035e914456267.jpg\" data-pswp-width=\"924\" data-pswp-height=\"2000\" target=\"_blank\" rel=\"noopener\"><\/p>\n<p>          <img width=\"600\" height=\"400\" class=\"article-image lazy\" data-src=\"https:\/\/www.europesays.com\/fr\/wp-content\/uploads\/2026\/01\/whatsapp-image-2026-01-01-at-15-18-46-2-69568cb04035e914456267.jpg\" alt=\"Gims sur la sc\u00e8ne du Cube \u00e0 Troyes (Aube).\" fetchpriority=\"high\" as=\"image\"\/><\/p>\n<p>\n            Gims sur la sc\u00e8ne du Cube \u00e0 Troyes (Aube).<br \/>\n                           \u2022<br \/>\n                                      \u00a9 Jeoffrey Tridon\n                      <\/p>\n<p><\/a><\/p>\n<p>Un r\u00e9veillon par comme les autres pour les fans du rappeur et chanteur. \u00ab\u00a0Passer le nouvel an avec Gims, ce sera inoubliable\u00a0\u00bb, lance une femme qui se pr\u00e9sente comme \u00ab\u00a0une grande fan depuis le d\u00e9but\u00a0\u00bb, des \u00e9toiles dans les yeux. Il faut dire que la star a totalement \u00e9cras\u00e9 la concurrence en 2025. Son album, \u00ab\u00a0Le Nord se souvient : l&rsquo;odyss\u00e9e\u00a0\u00bb, s&rsquo;est \u00e9coul\u00e9 \u00e0 plus de 600 000 exemplaires. Sept de ses titres se sont d&rsquo;ailleurs class\u00e9s en t\u00eate des charts.<\/p>\n<p>Une autre spectatrice parle d&rsquo;ores et d\u00e9j\u00e0 de \u00ab\u00a0la meilleure ann\u00e9e de sa vie.\u00a0\u00bb Certains sont venus d&rsquo;autres r\u00e9gions, voire de l&rsquo;\u00e9tranger pour le plus grand r\u00e9veillon de la r\u00e9gion Grand Est. \u00ab\u00a0Je reviendrai\u00a0\u00bb, a promis la star en guise d&rsquo;au-revoir.<\/p>\n","protected":false},"excerpt":{"rendered":"Gims, dont le dernier album, sorti en novembre, est un succ\u00e8s, s&rsquo;est produit sur la sc\u00e8ne du Cube,&hellip;\n","protected":false},"author":2,"featured_media":634904,"comment_status":"","ping_status":"","sticky":false,"template":"","format":"standard","meta":{"footnotes":""},"categories":[1355],"tags":[58,59,1011,27,1361,873],"class_list":{"0":"post-634903","1":"post","2":"type-post","3":"status-publish","4":"format-standard","5":"has-post-thumbnail","7":"category-musique","8":"tag-divertissement","9":"tag-entertainment","10":"tag-fr","11":"tag-france","12":"tag-music","13":"tag-musique"},"share_on_mastodon":{"url":"https:\/\/pubeurope.com\/@fr\/115821797983224500","error":""},"_links":{"self":[{"href":"https:\/\/www.europesays.com\/fr\/wp-json\/wp\/v2\/posts\/634903","targetHints":{"allow":["GET"]}}],"collection":[{"href":"https:\/\/www.europesays.com\/fr\/wp-json\/wp\/v2\/posts"}],"about":[{"href":"https:\/\/www.europesays.com\/fr\/wp-json\/wp\/v2\/types\/post"}],"author":[{"embeddable":true,"href":"https:\/\/www.europesays.com\/fr\/wp-json\/wp\/v2\/users\/2"}],"replies":[{"embeddable":true,"href":"https:\/\/www.europesays.com\/fr\/wp-json\/wp\/v2\/comments?post=634903"}],"version-history":[{"count":0,"href":"https:\/\/www.europesays.com\/fr\/wp-json\/wp\/v2\/posts\/634903\/revisions"}],"wp:featuredmedia":[{"embeddable":true,"href":"https:\/\/www.europesays.com\/fr\/wp-json\/wp\/v2\/media\/634904"}],"wp:attachment":[{"href":"https:\/\/www.europesays.com\/fr\/wp-json\/wp\/v2\/media?parent=634903"}],"wp:term":[{"taxonomy":"category","embeddable":true,"href":"https:\/\/www.europesays.com\/fr\/wp-json\/wp\/v2\/categories?post=634903"},{"taxonomy":"post_tag","embeddable":true,"href":"https:\/\/www.europesays.com\/fr\/wp-json\/wp\/v2\/tags?post=634903"}],"curies":[{"name":"wp","href":"https:\/\/api.w.org\/{rel}","templated":true}]}}