{"id":634907,"date":"2026-01-01T20:47:09","date_gmt":"2026-01-01T20:47:09","guid":{"rendered":"https:\/\/www.europesays.com\/fr\/634907\/"},"modified":"2026-01-01T20:47:09","modified_gmt":"2026-01-01T20:47:09","slug":"elle-augmente-fortement-le-risque-de-grippe-chez-les-enfants-cette-mauvaise-habitude-que-vous-prenez-certainement-sans-le-savoir","status":"publish","type":"post","link":"https:\/\/www.europesays.com\/fr\/634907\/","title":{"rendered":"Elle augmente fortement le risque de grippe chez les enfants : cette mauvaise habitude que vous prenez certainement sans le savoir"},"content":{"rendered":"<p>Chaque hiver, en France, le m\u00eame rituel se r\u00e9p\u00e8te : lorsque le thermom\u00e8tre d\u00e9gringole, parents et grands-parents referment soigneusement portes et fen\u00eatres. On s&rsquo;imagine alors cr\u00e9er un rempart douillet, pr\u00e9servant les enfants du froid et des virus. Pourtant, alors que janvier s&rsquo;installe, une habitude tr\u00e8s r\u00e9pandue pourrait bien, sans que l&rsquo;on s&rsquo;en rende compte, favoriser la propagation de la grippe au sein des foyers et des \u00e9coles. Pourquoi garder l&rsquo;air bien confin\u00e9 accro\u00eet-il finalement le risque pour nos petits ? D\u00e9couvrons ensemble ce pi\u00e8ge invisible qui nous guette derri\u00e8re les carreaux embu\u00e9s.<\/p>\n<p>L&rsquo;hiver, quand notre instinct de protection se retourne contre nous<br \/>\n Les petits r\u00e9flexes qui enferment le virus avec nous<\/p>\n<p>Au c\u0153ur de l&rsquo;hiver, qui n&rsquo;a pas pris soin de baisser les volets d\u00e8s la tomb\u00e9e du jour, remonter un peu le chauffage, installer une couette suppl\u00e9mentaire sur le lit des enfants, et\u2026 surtout, veiller \u00e0 ce que <strong>les fen\u00eatres restent bien closes<\/strong> ? Ce r\u00e9flexe, d&rsquo;apparence bienveillante, coupe justement la circulation de l&rsquo;air. R\u00e9sultat : microbes et virus s&rsquo;accumulent dans l&rsquo;atmosph\u00e8re, <strong>invisibles mais bien pr\u00e9sents<\/strong>, pr\u00eats \u00e0 \u00eatre respir\u00e9s par toute la famille et notamment les plus jeunes.<\/p>\n<p>Les chiffres alarmants de l&rsquo;Inserm : le lien entre air confin\u00e9 et grippe chez l&rsquo;enfant<\/p>\n<p>Les derni\u00e8res donn\u00e9es fran\u00e7aises confirment qu&rsquo;en hiver, <strong>pr\u00e8s de 80 % des enfants en collectivit\u00e9 contractent au moins un \u00e9pisode grippal<\/strong>. Selon l&rsquo;Inserm, <strong>les espaces clos o\u00f9 l&rsquo;air circule peu voient leur taux de contamination augmenter sensiblement<\/strong>. Les pr\u00e9cautions habituelles s&rsquo;av\u00e8rent insuffisantes lorsque le virus s&rsquo;installe dans une pi\u00e8ce non a\u00e9r\u00e9e : il profite pleinement de ces conditions pour se transmettre de personne \u00e0 personne \u00e0 grande vitesse.<\/p>\n<p>L&rsquo;a\u00e9ration : un enjeu de sant\u00e9 publique trop souvent sous-estim\u00e9<br \/>\n Pourquoi le virus de la grippe raffole des pi\u00e8ces ferm\u00e9es<\/p>\n<p><strong>Le virus de la grippe circule principalement par voie a\u00e9rienne<\/strong>, via les gouttelettes projet\u00e9es lorsque l&rsquo;on tousse, \u00e9ternue ou m\u00eame parle. En l&rsquo;absence d&rsquo;a\u00e9ration, ces particules restent longtemps en suspension, surtout dans des espaces chauff\u00e9s. Par r\u00e9flexe, on pense prot\u00e9ger les enfants du froid, mais on favorise sans le savoir la prolif\u00e9ration des micro-organismes hivernaux.<\/p>\n<p>Moins d&rsquo;a\u00e9ration, plus de cas : ce que r\u00e9v\u00e8lent les \u00e9tudes r\u00e9centes<\/p>\n<p>\u00c0 chaque saison froide, l&rsquo;augmentation du nombre de cas de grippe chez les enfants suit une progression parall\u00e8le avec la r\u00e9duction de l&rsquo;a\u00e9ration des lieux de vie. <strong>Les collectivit\u00e9s confin\u00e9es sont particuli\u00e8rement vuln\u00e9rables<\/strong> : un virus introduit dans une pi\u00e8ce mal ventil\u00e9e trouve rapidement de nouveaux h\u00f4tes parmi les petits.<\/p>\n<p> Le mythe du \u00ab\u00a0courant d&rsquo;air\u00a0\u00bb dangereux pour les enfants<br \/>\n D\u00e9m\u00ealer le vrai du faux sur les rhumes et l&rsquo;a\u00e9ration<\/p>\n<p>En France, la crainte du courant d&rsquo;air demeure ancr\u00e9e, bien que le froid n&rsquo;ait jamais \u00e9t\u00e9 la cause directe des rhumes ou de la grippe. Ouvrir les fen\u00eatres quelques minutes n&rsquo;expose pas les enfants \u00e0 une maladie, mais permet au contraire de <strong>renouveler l&rsquo;air et d&rsquo;\u00e9vacuer les germes<\/strong> accumul\u00e9s. Cette id\u00e9e re\u00e7ue, tenace, retarde aujourd&rsquo;hui l&rsquo;adoption de <a href=\"https:\/\/journaldesseniors.20minutes.fr\/sante\/vous-conservez-vos-restes-trop-longtemps-ce-quil-faut-savoir-pour-eviter-les-risques\/\" target=\"_blank\" rel=\"noopener\">bons gestes<\/a> en plein hiver.<\/p>\n<p> Les croyances qui nous font h\u00e9siter \u00e0 ouvrir les fen\u00eatres l&rsquo;hiver<\/p>\n<p>Influenc\u00e9s encore par nos souvenirs d&rsquo;enfance ou des conseils d&rsquo;antan, les id\u00e9es de \u00ab\u00a0coups de froid\u00a0\u00bb ou de \u00ab\u00a0coup de vent\u00a0\u00bb nuisibles d\u00e9couragent d&rsquo;a\u00e9rer. Pourtant, il suffit <strong>de quelques minutes d&rsquo;a\u00e9ration, plusieurs fois par jour<\/strong>, pour r\u00e9duire significativement la transmission des virus sans compromettre la s\u00e9curit\u00e9 ou le confort des enfants.<\/p>\n<p>Petits espaces, gros risques : \u00e9coles, cr\u00e8ches et maisons familiales dans le viseur<br \/>\n Les particularit\u00e9s de la transmission en collectivit\u00e9<\/p>\n<p>C&rsquo;est dans les petits espaces ferm\u00e9s que le virus trouve ses conditions id\u00e9ales : classes de maternelle, dortoirs de cr\u00e8che, chambres partag\u00e9es dans les maisons multig\u00e9n\u00e9rationnelles. <strong>La promiscuit\u00e9 et le manque de ventilation<\/strong> augmentent la probabilit\u00e9 de contamination, car les enfants \u2013 <a href=\"https:\/\/journaldesseniors.20minutes.fr\/sante\/vous-cherchez-une-plante-qui-fait-tout-decouvrez-les-vertus-de-largousier\/\" target=\"_blank\" rel=\"noopener\">plus fragiles face aux maladies<\/a> virales \u2013 partagent jouets, objets et respiration dans un m\u00eame volume d&rsquo;air satur\u00e9 de particules infectieuses.<\/p>\n<p> La prise de conscience croissante des parents et enseignants<\/p>\n<p>De plus en plus de parents et d&rsquo;enseignants constatent une r\u00e9alit\u00e9 frappante : un hiver marqu\u00e9 par une succession de grippes et de rhumes, malgr\u00e9 toutes les pr\u00e9cautions classiques. <strong>L&rsquo;am\u00e9lioration de l&rsquo;a\u00e9ration quotidienne<\/strong> co\u00efncide souvent avec une nette diminution du nombre d&rsquo;enfants malades. Ce changement, parfois simple \u00e0 mettre en \u0153uvre, s&rsquo;av\u00e8re remarquablement efficace.<\/p>\n<p>Ouvrir, oui : mais comment bien a\u00e9rer sans transformer l&rsquo;int\u00e9rieur en igloo ?<br \/>\n Les astuces pour allier confort thermique et qualit\u00e9 de l&rsquo;air<\/p>\n<p>Bien a\u00e9rer ne signifie pas sacrifier le bien-\u00eatre thermique. <strong>Couper provisoirement le chauffage pendant l&rsquo;a\u00e9ration, puis refermer d\u00e8s que l&rsquo;air est renouvel\u00e9<\/strong>, limite la perte de chaleur. Astuce suppl\u00e9mentaire : cr\u00e9er un \u00ab\u00a0courant d&rsquo;air \u00e9clair\u00a0\u00bb en ouvrant deux fen\u00eatres oppos\u00e9es 10 minutes seulement, plusieurs fois par jour.<\/p>\n<p>Bonnes pratiques : horaires, dur\u00e9e, gestes simples pour limiter les virus<\/p>\n<p><strong>Privil\u00e9gier l&rsquo;a\u00e9ration le matin et en d\u00e9but de soir\u00e9e<\/strong>, quand la temp\u00e9rature ext\u00e9rieure est la moins basse, optimise l&rsquo;\u00e9quilibre entre confort et efficacit\u00e9. S&rsquo;il y a plusieurs pi\u00e8ces, on alterne leur ventilation. En pr\u00e9sence d&rsquo;enfants en bas \u00e2ge, il est pr\u00e9f\u00e9rable de les \u00e9loigner temporairement de la zone a\u00e9r\u00e9e, le virus n&rsquo;ayant alors plus de refuge.<\/p>\n<p> Repenser nos habitudes pour prot\u00e9ger les plus jeunes tout l&rsquo;hiver<br \/>\n Ce que nous apprend l&rsquo;exp\u00e9rience des pays nordiques<\/p>\n<p>Dans les pays nordiques, l&rsquo;a\u00e9ration est un r\u00e9flexe naturel, m\u00eame au plus fort de l&rsquo;hiver. On y privil\u00e9gie <strong>deux \u00e0 trois ouvertures br\u00e8ves et franches par jour<\/strong>. Les \u00e9coles et cr\u00e8ches en font une r\u00e8gle, et constatent un nombre inf\u00e9rieur de cas de grippe par rapport aux \u00e9tablissements moins a\u00e9r\u00e9s. Cette approche nous incite \u00e0 reconsid\u00e9rer nos routines hivernales fran\u00e7aises.<\/p>\n<p> Conseils concrets pour un hiver sain \u00e0 la maison et \u00e0 l&rsquo;\u00e9cole<\/p>\n<p>Voici quelques gestes simples \u00e0 adopter :<\/p>\n<ul>\n<li>A\u00e9rer les chambres chaque matin pendant 10 minutes<\/li>\n<li>Cr\u00e9er un courant d&rsquo;air en ouvrant deux ouvertures oppos\u00e9es<\/li>\n<li>Couper le chauffage durant l&rsquo;a\u00e9ration, puis le remettre imm\u00e9diatement apr\u00e8s<\/li>\n<li>Renouveler l&rsquo;op\u00e9ration trois fois par jour, en \u00e9vitant les heures les plus froides<\/li>\n<li>Adapter ces conseils dans les \u00e9coles, en coordonnant enseignants et personnel d&rsquo;entretien<\/li>\n<\/ul>\n<p>Vers un hiver plus serein : changer les r\u00e9flexes pour briser la cha\u00eene de la grippe<\/p>\n<p>Adopter l&rsquo;a\u00e9ration comme r\u00e9flexe quotidien, c&rsquo;est choisir la pr\u00e9vention l\u00e0 o\u00f9 elle est la plus efficace : chez soi et dans les lieux fr\u00e9quent\u00e9s par les enfants. Il ne s&rsquo;agit pas de lutter contre le froid, mais plut\u00f4t de lui accorder une place mesur\u00e9e pour mieux combattre les v\u00e9ritables risques hivernaux. En pleine saison grippale, pourquoi ne pas s&rsquo;offrir un nouveau souffle d&rsquo;air frais en modifiant simplement <a href=\"https:\/\/journaldesseniors.20minutes.fr\/sante\/vous-conservez-le-lait-dans-la-porte-du-frigo-cest-une-habitude-a-bannir-immediatement\/\" target=\"_blank\" rel=\"noopener\">quelques habitudes<\/a> quotidiennes ?<\/p>\n","protected":false},"excerpt":{"rendered":"Chaque hiver, en France, le m\u00eame rituel se r\u00e9p\u00e8te : lorsque le thermom\u00e8tre d\u00e9gringole, parents et grands-parents referment&hellip;\n","protected":false},"author":2,"featured_media":634908,"comment_status":"","ping_status":"","sticky":false,"template":"","format":"standard","meta":{"footnotes":""},"categories":[10],"tags":[1011,27,72,56,71],"class_list":{"0":"post-634907","1":"post","2":"type-post","3":"status-publish","4":"format-standard","5":"has-post-thumbnail","7":"category-sante","8":"tag-fr","9":"tag-france","10":"tag-health","11":"tag-push","12":"tag-sante"},"share_on_mastodon":{"url":"https:\/\/pubeurope.com\/@fr\/115821808453707037","error":""},"_links":{"self":[{"href":"https:\/\/www.europesays.com\/fr\/wp-json\/wp\/v2\/posts\/634907","targetHints":{"allow":["GET"]}}],"collection":[{"href":"https:\/\/www.europesays.com\/fr\/wp-json\/wp\/v2\/posts"}],"about":[{"href":"https:\/\/www.europesays.com\/fr\/wp-json\/wp\/v2\/types\/post"}],"author":[{"embeddable":true,"href":"https:\/\/www.europesays.com\/fr\/wp-json\/wp\/v2\/users\/2"}],"replies":[{"embeddable":true,"href":"https:\/\/www.europesays.com\/fr\/wp-json\/wp\/v2\/comments?post=634907"}],"version-history":[{"count":0,"href":"https:\/\/www.europesays.com\/fr\/wp-json\/wp\/v2\/posts\/634907\/revisions"}],"wp:featuredmedia":[{"embeddable":true,"href":"https:\/\/www.europesays.com\/fr\/wp-json\/wp\/v2\/media\/634908"}],"wp:attachment":[{"href":"https:\/\/www.europesays.com\/fr\/wp-json\/wp\/v2\/media?parent=634907"}],"wp:term":[{"taxonomy":"category","embeddable":true,"href":"https:\/\/www.europesays.com\/fr\/wp-json\/wp\/v2\/categories?post=634907"},{"taxonomy":"post_tag","embeddable":true,"href":"https:\/\/www.europesays.com\/fr\/wp-json\/wp\/v2\/tags?post=634907"}],"curies":[{"name":"wp","href":"https:\/\/api.w.org\/{rel}","templated":true}]}}