{"id":634911,"date":"2026-01-01T20:49:15","date_gmt":"2026-01-01T20:49:15","guid":{"rendered":"https:\/\/www.europesays.com\/fr\/634911\/"},"modified":"2026-01-01T20:49:15","modified_gmt":"2026-01-01T20:49:15","slug":"stephane-tortora-de-sport-6-quitte-m6-apres-36-ans","status":"publish","type":"post","link":"https:\/\/www.europesays.com\/fr\/634911\/","title":{"rendered":"St\u00e9phane Tortora de \u00ab\u00a0Sport 6\u00a0\u00bb quitte M6 apr\u00e8s 36\u00a0ans"},"content":{"rendered":"<p class=\"paragraph text_align_left lp-f-body-02\">G\u00e9n\u00e9rique de fin pour <a href=\"https:\/\/www.leparisien.fr\/culture-loisirs\/6play\/\" target=\"_blank\" rel=\"noreferrer noopener\">St\u00e9phane Tortora<\/a>, lui qui en a connu sept ou huit \u00e0 base d\u2019images graphiques et de bruits de grosses cylindr\u00e9es ou de smashs claqu\u00e9s et d\u2019ovations du public depuis le d\u00e9but de \u00ab Sport 6 \u00bb. Rien que le titre fait penser <a href=\"https:\/\/www.leparisien.fr\/culture-loisirs\/-13-03-2012-1902897.php\" target=\"_blank\" rel=\"noreferrer noopener\">aux d\u00e9buts de M 6<\/a>, alors la petite cha\u00eene qui monte, lanc\u00e9e en 1987. En septembre 1989, le mur de Berlin ne s\u2019est pas encore effondr\u00e9 -ce sera en novembre-, et la cha\u00eene lance un programme sportif sur le mod\u00e8le du \u00ab Six minutes \u00bb -devenu le Six- un JT tout en images. \u00ab Sport 6 \u00bb ne comporte ni pr\u00e9sentateur ni plateau, mais une suite d\u2019images au cordeau, avec une voix off, et une s\u00e9quence plus \u00e9ditorialis\u00e9e, \u00ab Carton rouge \u00bb, mais sans visage non plus.<\/p>\n<p class=\"\">C\u2019est d\u00e9j\u00e0 St\u00e9phane Tortora qui commente ces images avec efficacit\u00e9 en septembre 1989. Trente-six ans apr\u00e8s, il est toujours l\u00e0. Du moins jusqu\u2019\u00e0 fin 2025. Ce 31 d\u00e9cembre, le \u00ab 19.45 \u00bb de la cha\u00eene a annonc\u00e9 son d\u00e9part &#8211; sans le montrer \u00e0 l\u2019image, bien entendu &#8211; et le journaliste sportif s\u2019est fendu d\u2019un tweet juste apr\u00e8s sur X : \u00ab Au revoir 2025 ! Au revoir M 6 ! Vive 2026 ! Ses projets et ses promesses. Bonne ann\u00e9e \u00e0 vous ! Merci pour votre fid\u00e9lit\u00e9. \u00c0 bient\u00f4t. Ailleurs \u00bb.<\/p>\n<p class=\"\">\u00c0 63 ans, St\u00e9phane Tortora, qui n\u2019avait pas trente ans quand il a d\u00e9but\u00e9 \u00e0 l\u2019antenne, a vu passer et fr\u00e9quent\u00e9 des g\u00e9n\u00e9rations de sportifs. Il est proche de beaucoup de champions. L\u2019\u00e9mission comprenait aussi des interviews, m\u00eame s\u2019il n\u2019y apparaissait jamais non plus \u00e0 visage d\u00e9couvert. Parmi les bons moments, Andre Agassi lan\u00e7ant un \u00ab Salut \u00bb en fran\u00e7ais \u00e0 la cam\u00e9ra. Beaucoup de tennis, de foot, de moto.<\/p>\n<p class=\"\"><a href=\"https:\/\/www.leparisien.fr\/culture-loisirs\/tv\/dominique-chapatte-aux-commandes-de-turbo-depuis-35-ans-sur-m6-il-ny-a-pas-de-recette-miracle-10-04-2022-KWM5UQSUHVDK3H5NJ2S6KGLTPA.php\" target=\"_blank\" rel=\"noreferrer noopener\">Seul le magazine \u00ab Turbo \u00bb, lanc\u00e9 en 1987, est plus ancien sur M 6<\/a>. Mais son pr\u00e9sentateur Dominique Chapatte, 77 ans, passe doucement la main, n\u2019assurant plus qu\u2019une \u00e9mission par mois et laissant \u00e0 la nouvelle g\u00e9n\u00e9ration les trois autres hebdos.<\/p>\n<p>\u00ab En aucun cas la retraite. Du tout \u00bb<\/p>\n<p class=\"\">Diffus\u00e9 le dimanche, Sport 6 continuera au moins jusqu\u2019\u00e0 la fin de la saison, selon la cha\u00eene que nous avons contact\u00e9e. Mais d\u00e8s ce dimanche, ce ne sera plus avec la voix de St\u00e9phane Tortora. \u00c0 notre demande d\u2019interview, ce dernier a r\u00e9pondu d\u2019un bref et lapidaire \u00ab Non \u00bb. Le sexag\u00e9naire est plus prolixe sur les r\u00e9seaux sociaux. \u00ab En aucun cas la retraite. Du tout \u00bb, a-t-il r\u00e9pondu sur X \u00e0 un internaute qui l\u2019interrogeait sur son avenir.<\/p>\n<p class=\"\">Proche de <a href=\"https:\/\/www.leparisien.fr\/sports\/football\/ligue-1\/nicolas-de-tavernost-sur-les-debuts-reussis-de-ligue-1-cest-nettement-au-dessus-de-nos-projections-18-08-2025-SHBJTRP74FCEDNJ6NDOLP6RXXM.php\" target=\"_self\" rel=\"noopener\">Nicolas de Tavernost<\/a>, qui dirige maintenant la cha\u00eene Ligue 1 + qui diffuse le Championnat de France de football, apr\u00e8s avoir \u00e9t\u00e9 le grand patron de M 6 de sa cr\u00e9ation jusqu\u2019en 2024, le journaliste poss\u00e8de un gigantesque carnet d\u2019adresses dans le monde du sport. \u00c0 suivre ? Oui !<\/p>\n","protected":false},"excerpt":{"rendered":"G\u00e9n\u00e9rique de fin pour St\u00e9phane Tortora, lui qui en a connu sept ou huit \u00e0 base d\u2019images graphiques&hellip;\n","protected":false},"author":2,"featured_media":634912,"comment_status":"","ping_status":"","sticky":false,"template":"","format":"standard","meta":{"footnotes":""},"categories":[8],"tags":[872,58,59,1011,27,60,2205],"class_list":{"0":"post-634911","1":"post","2":"type-post","3":"status-publish","4":"format-standard","5":"has-post-thumbnail","7":"category-divertissement","8":"tag-culture-et-loisirs","9":"tag-divertissement","10":"tag-entertainment","11":"tag-fr","12":"tag-france","13":"tag-sports","14":"tag-television-medias"},"share_on_mastodon":{"url":"https:\/\/pubeurope.com\/@fr\/115821816504392882","error":""},"_links":{"self":[{"href":"https:\/\/www.europesays.com\/fr\/wp-json\/wp\/v2\/posts\/634911","targetHints":{"allow":["GET"]}}],"collection":[{"href":"https:\/\/www.europesays.com\/fr\/wp-json\/wp\/v2\/posts"}],"about":[{"href":"https:\/\/www.europesays.com\/fr\/wp-json\/wp\/v2\/types\/post"}],"author":[{"embeddable":true,"href":"https:\/\/www.europesays.com\/fr\/wp-json\/wp\/v2\/users\/2"}],"replies":[{"embeddable":true,"href":"https:\/\/www.europesays.com\/fr\/wp-json\/wp\/v2\/comments?post=634911"}],"version-history":[{"count":0,"href":"https:\/\/www.europesays.com\/fr\/wp-json\/wp\/v2\/posts\/634911\/revisions"}],"wp:featuredmedia":[{"embeddable":true,"href":"https:\/\/www.europesays.com\/fr\/wp-json\/wp\/v2\/media\/634912"}],"wp:attachment":[{"href":"https:\/\/www.europesays.com\/fr\/wp-json\/wp\/v2\/media?parent=634911"}],"wp:term":[{"taxonomy":"category","embeddable":true,"href":"https:\/\/www.europesays.com\/fr\/wp-json\/wp\/v2\/categories?post=634911"},{"taxonomy":"post_tag","embeddable":true,"href":"https:\/\/www.europesays.com\/fr\/wp-json\/wp\/v2\/tags?post=634911"}],"curies":[{"name":"wp","href":"https:\/\/api.w.org\/{rel}","templated":true}]}}