{"id":634913,"date":"2026-01-01T20:50:10","date_gmt":"2026-01-01T20:50:10","guid":{"rendered":"https:\/\/www.europesays.com\/fr\/634913\/"},"modified":"2026-01-01T20:50:10","modified_gmt":"2026-01-01T20:50:10","slug":"nvidia-et-amd-des-hausses-de-prix-massives-annoncees-des-janvier-sur-les-cartes-graphiques","status":"publish","type":"post","link":"https:\/\/www.europesays.com\/fr\/634913\/","title":{"rendered":"Nvidia et AMD : des hausses de prix massives annonc\u00e9es d\u00e8s janvier sur les cartes graphiques"},"content":{"rendered":"<p>La col\u00e8re gronde chez les passionn\u00e9s de jeux vid\u00e9o et de PC. Les cartes graphiques Nvidia et AMD, d\u00e9j\u00e0 loin d\u2019\u00eatre accessibles, pourraient bient\u00f4t devenir inabordables. Selon des r\u00e9v\u00e9lations de la presse sud-cor\u00e9enne, les deux g\u00e9ants envisageraient <a href=\"https:\/\/www.lacremedugaming.fr\/actus\/nvidia-abandonne-les-gtx-et-la-penurie-de-vram-menace-les-prix-des-gpu-pourraient-exploser-en-2026-203835.html\" target=\"_blank\" rel=\"noopener\">une hausse spectaculaire des prix<\/a> d\u00e8s janvier, principalement en raison de la pression exerc\u00e9e par l\u2019intelligence artificielle sur le march\u00e9 de la m\u00e9moire.<\/p>\n<p>L\u2019information, relay\u00e9e par l\u2019agence Newsis, fait l\u2019effet d\u2019une douche froide. \u00ab\u00a0Nvidia et AMD devraient augmenter significativement les prix de leurs processeurs graphiques (GPU) \u00e0 partir de janvier prochain. Le co\u00fbt \u00e9lev\u00e9 de la m\u00e9moire est cit\u00e9 comme un facteur cl\u00e9 de ces hausses de prix.\u00a0\u00bb \u00c0 l\u2019origine de cette flamb\u00e9e : une demande croissante des acteurs du secteur de l\u2019IA, qui accaparent d\u00e9sormais la m\u00e9moire vive et les composants essentiels pour alimenter leurs centres de donn\u00e9es.<\/p>\n<p> Les GPU, victimes collat\u00e9rales de la ru\u00e9e vers l\u2019IA <\/p>\n<p>Les GPU, initialement con\u00e7us pour le rendu graphique des jeux vid\u00e9o, sont devenus un \u00e9l\u00e9ment crucial dans le d\u00e9veloppement des intelligences artificielles. Leur capacit\u00e9 de traitement parall\u00e8le les rend id\u00e9aux pour entra\u00eener des mod\u00e8les complexes. R\u00e9sultat : les grandes entreprises technologiques ach\u00e8tent massivement de la RAM et du stockage, rar\u00e9fiant l\u2019offre pour le grand public. Et ce d\u00e9s\u00e9quilibre se r\u00e9percute aujourd\u2019hui sur le prix des cartes graphiques.<\/p>\n<p>La carte haut de gamme RTX 5090 de Nvidia pourrait ainsi voir son prix doubler, passant de 2 000 \u00e0 5 000 dollars selon Newsis. La nouvelle s\u00e9rie RX 9000 d\u2019AMD serait aussi concern\u00e9e, mais dans une moindre mesure. Pour les consommateurs, <a href=\"https:\/\/www.lacremedugaming.fr\/actus\/samsung-double-le-prix-de-la-ram-ddr5-et-declenche-une-nouvelle-crise-des-composants-204374.html\" target=\"_blank\" rel=\"noopener\">cette tendance repr\u00e9sente une v\u00e9ritable barri\u00e8re<\/a> \u00e0 l\u2019entr\u00e9e dans l\u2019univers du gaming PC.<\/p>\n<p> La communaut\u00e9 gamer exprime son d\u00e9sespoir <\/p>\n<p>Sur Reddit, dans le subreddit GamingLeaksAndRumours, les joueurs ne d\u00e9col\u00e8rent pas. Certains s\u2019interrogent sur l\u2019int\u00e9r\u00eat m\u00eame de commercialiser ces produits : \u00ab\u00a0\u00c0 quoi bon les mettre en magasin \u00e0 ce stade ?\u00a0\u00bb Un autre l\u00e2che : \u00ab\u00a02 000 \u00e0 5 000 dollars, ils sont compl\u00e8tement fous ?\u00a0\u00bb<\/p>\n<p>D\u2019autres internautes soup\u00e7onnent une strat\u00e9gie de communication bien rod\u00e9e pour habituer les esprits \u00e0 des tarifs plus \u00e9lev\u00e9s : \u00ab\u00a0Je me demande s&rsquo;il s&rsquo;agit d&rsquo;une fuite strat\u00e9gique. L&rsquo;id\u00e9e est d&rsquo;ancrer les gens dans un prix exorbitant pour que le nouveau prix r\u00e9el paraisse moins excessif. On disait que cette carte co\u00fbterait 5 000 $, mais elle n&rsquo;est pass\u00e9e qu&rsquo;\u00e0 3 499 $. Quelle aubaine !\u00a0\u00bb<\/p>\n<p> Faut-il acheter ses composants PC maintenant ? <\/p>\n<p>En l\u2019absence de confirmation officielle de la part de Nvidia ou AMD, il s\u2019agit pour l\u2019instant de sp\u00e9culations. Mais les plus pessimistes se pr\u00e9parent d\u00e9j\u00e0 au pire. \u00ab\u00a0J&rsquo;esp\u00e8re que c&rsquo;est un putain de troll ou quelque chose comme \u00e7a&#8230; C&rsquo;est incroyable.\u00a0\u00bb, confie un utilisateur. Un autre recommande d\u2019agir imm\u00e9diatement : \u00ab\u00a0C&rsquo;\u00e9tait sympa les gars, mais si vous ne vous procurez pas vos composants PC maintenant, genre AUJOURD&rsquo;HUI, vous \u00eates plus ou moins hors du march\u00e9 des PC\u00a0\u00bb<\/p>\n<p>Le sentiment partag\u00e9 dans la communaut\u00e9 est limpide : \u00ab\u00a0Je d\u00e9teste vraiment que mon passe-temps pr\u00e9f\u00e9r\u00e9, les jeux vid\u00e9o, soit devenu un luxe.\u00a0\u00bb Alors que l\u2019IA continue de redessiner les r\u00e8gles du jeu technologique, les gamers risquent bien d\u2019en faire les frais.<\/p>\n","protected":false},"excerpt":{"rendered":"La col\u00e8re gronde chez les passionn\u00e9s de jeux vid\u00e9o et de PC. Les cartes graphiques Nvidia et AMD,&hellip;\n","protected":false},"author":2,"featured_media":634914,"comment_status":"","ping_status":"","sticky":false,"template":"","format":"standard","meta":{"footnotes":""},"categories":[7],"tags":[1011,27,43,40,41,39,42,44],"class_list":{"0":"post-634913","1":"post","2":"type-post","3":"status-publish","4":"format-standard","5":"has-post-thumbnail","7":"category-sciences-et-technologies","8":"tag-fr","9":"tag-france","10":"tag-science","11":"tag-science-and-technology","12":"tag-sciences","13":"tag-sciences-et-technologies","14":"tag-technologies","15":"tag-technology"},"share_on_mastodon":{"url":"https:\/\/pubeurope.com\/@fr\/115821820256956028","error":""},"_links":{"self":[{"href":"https:\/\/www.europesays.com\/fr\/wp-json\/wp\/v2\/posts\/634913","targetHints":{"allow":["GET"]}}],"collection":[{"href":"https:\/\/www.europesays.com\/fr\/wp-json\/wp\/v2\/posts"}],"about":[{"href":"https:\/\/www.europesays.com\/fr\/wp-json\/wp\/v2\/types\/post"}],"author":[{"embeddable":true,"href":"https:\/\/www.europesays.com\/fr\/wp-json\/wp\/v2\/users\/2"}],"replies":[{"embeddable":true,"href":"https:\/\/www.europesays.com\/fr\/wp-json\/wp\/v2\/comments?post=634913"}],"version-history":[{"count":0,"href":"https:\/\/www.europesays.com\/fr\/wp-json\/wp\/v2\/posts\/634913\/revisions"}],"wp:featuredmedia":[{"embeddable":true,"href":"https:\/\/www.europesays.com\/fr\/wp-json\/wp\/v2\/media\/634914"}],"wp:attachment":[{"href":"https:\/\/www.europesays.com\/fr\/wp-json\/wp\/v2\/media?parent=634913"}],"wp:term":[{"taxonomy":"category","embeddable":true,"href":"https:\/\/www.europesays.com\/fr\/wp-json\/wp\/v2\/categories?post=634913"},{"taxonomy":"post_tag","embeddable":true,"href":"https:\/\/www.europesays.com\/fr\/wp-json\/wp\/v2\/tags?post=634913"}],"curies":[{"name":"wp","href":"https:\/\/api.w.org\/{rel}","templated":true}]}}